{"id":2314,"date":"2026-01-31T18:34:48","date_gmt":"2026-01-31T17:34:48","guid":{"rendered":"https:\/\/nenedemo.ovh\/TAEKWORPRESS\/?p=2314"},"modified":"2026-02-01T00:03:55","modified_gmt":"2026-01-31T23:03:55","slug":"stages-regionaux-nouvelle-aquitaine-2026","status":"publish","type":"post","link":"https:\/\/nenedemo.ovh\/TAEKWORPRESS\/?p=2314","title":{"rendered":"Stages r\u00e9gionaux Nouvelle-Aquitaine 2026"},"content":{"rendered":"\n<p><mark style=\"background-color:rgba(0, 0, 0, 0)\" class=\"has-inline-color has-black-color\">Les <strong>24 et 25 janvier 2026<\/strong>, les coachs et \u00e9l\u00e8ves de <strong>l\u2019ASM Taekwondo de Pau<\/strong> ont fi\u00e8rement particip\u00e9 aux <strong>stages r\u00e9gionaux de Taekwondo Nouvelle-Aquitaine<\/strong>, un rendez-vous incontournable pour la formation, la transmission et l\u2019excellence technique.<\/mark><\/p>\n\n\n\n<p><mark style=\"background-color:rgba(0, 0, 0, 0)\" class=\"has-inline-color has-black-color\"><strong>Le 24 janvier<\/strong> \u00e9tait d\u00e9di\u00e9 \u00e0 la <strong>formation de juge passage de grades<\/strong>. La fonction de jur\u00e9 repr\u00e9sente un v\u00e9ritable <strong>pilier de notre discipline<\/strong>, garantissant l\u2019application des r\u00e8gles, le respect de l\u2019\u00e9thique sportive, l\u2019\u00e9quit\u00e9 des d\u00e9cisions et une ma\u00eetrise technique irr\u00e9prochable.<\/mark><\/p>\n\n\n\n<p><mark style=\"background-color:rgba(0, 0, 0, 0)\" class=\"has-inline-color has-black-color\"><strong>Le 25 janvier<\/strong> s\u2019est tenu le <strong>stage d\u2019examen de pr\u00e9paration aux grades DAN<\/strong>, moment cl\u00e9 dans le parcours des pratiquants engag\u00e9s vers les plus hauts niveaux de comp\u00e9tence et de responsabilit\u00e9.<\/mark><\/p>\n\n\n\n<p><mark style=\"background-color:rgba(0, 0, 0, 0)\" class=\"has-inline-color has-black-color\">Ces deux stages ont \u00e9t\u00e9 encadr\u00e9s par des r\u00e9f\u00e9rents nationaux :<\/mark><\/p>\n\n\n\n<ul class=\"wp-block-list\">\n<li><mark style=\"background-color:rgba(0, 0, 0, 0)\" class=\"has-inline-color has-black-color\">Me. <strong>Claude CARQUER<\/strong>, Directeur National des Examens de Grade<\/mark><\/li>\n\n\n\n<li><mark style=\"background-color:rgba(0, 0, 0, 0)\" class=\"has-inline-color has-black-color\">Me. <strong>Richard SEYS<\/strong>, Directeur des Grades<\/mark><\/li>\n<\/ul>\n\n\n\n<p><mark style=\"background-color:rgba(0, 0, 0, 0)\" class=\"has-inline-color has-black-color\">L\u2019ASM Taekwondo Pau encourage l\u2019investissement de ses membres et poursuit son engagement dans la <strong>formation continue<\/strong>, la <strong>qualit\u00e9 de l\u2019enseignement<\/strong> et la <strong>promotion des valeurs du Taekwondo<\/strong>.<\/mark><\/p>\n\n\n\n<figure class=\"wp-block-image size-large\"><img loading=\"lazy\" decoding=\"async\" width=\"1600\" height=\"900\" src=\"https:\/\/nenedemo.ovh\/TAEKWORPRESS\/wp-content\/uploads\/2026\/01\/Stage2026-1600x900.jpeg\" alt=\"\" class=\"wp-image-2315\" srcset=\"https:\/\/nenedemo.ovh\/TAEKWORPRESS\/wp-content\/uploads\/2026\/01\/Stage2026-1600x900.jpeg 1600w, https:\/\/nenedemo.ovh\/TAEKWORPRESS\/wp-content\/uploads\/2026\/01\/Stage2026-300x169.jpeg 300w, https:\/\/nenedemo.ovh\/TAEKWORPRESS\/wp-content\/uploads\/2026\/01\/Stage2026-768x432.jpeg 768w, https:\/\/nenedemo.ovh\/TAEKWORPRESS\/wp-content\/uploads\/2026\/01\/Stage2026-1536x864.jpeg 1536w, https:\/\/nenedemo.ovh\/TAEKWORPRESS\/wp-content\/uploads\/2026\/01\/Stage2026.jpeg 2016w\" sizes=\"auto, (max-width: 1600px) 100vw, 1600px\" \/><\/figure>\n\n\n\n<figure class=\"wp-block-image size-large\"><img loading=\"lazy\" decoding=\"async\" width=\"1600\" height=\"900\" src=\"https:\/\/nenedemo.ovh\/TAEKWORPRESS\/wp-content\/uploads\/2026\/01\/Stage-2026-1600x900.jpeg\" alt=\"\" class=\"wp-image-2316\" srcset=\"https:\/\/nenedemo.ovh\/TAEKWORPRESS\/wp-content\/uploads\/2026\/01\/Stage-2026-1600x900.jpeg 1600w, https:\/\/nenedemo.ovh\/TAEKWORPRESS\/wp-content\/uploads\/2026\/01\/Stage-2026-300x169.jpeg 300w, https:\/\/nenedemo.ovh\/TAEKWORPRESS\/wp-content\/uploads\/2026\/01\/Stage-2026-768x432.jpeg 768w, https:\/\/nenedemo.ovh\/TAEKWORPRESS\/wp-content\/uploads\/2026\/01\/Stage-2026-1536x864.jpeg 1536w, https:\/\/nenedemo.ovh\/TAEKWORPRESS\/wp-content\/uploads\/2026\/01\/Stage-2026.jpeg 2016w\" sizes=\"auto, (max-width: 1600px) 100vw, 1600px\" \/><\/figure>\n","protected":false},"excerpt":{"rendered":"<p>Les 24 et 25 janvier 2026, les coachs et \u00e9l\u00e8ves de l\u2019ASM Taekwondo de Pau ont fi\u00e8rement particip\u00e9 aux stages r\u00e9gionaux de Taekwondo Nouvelle-Aquitaine, un rendez-vous incontournable pour la formation, la transmission et l\u2019excellence technique. Le 24 janvier \u00e9tait d\u00e9di\u00e9 \u00e0 la formation de juge passage de grades. La fonction de jur\u00e9 repr\u00e9sente un v\u00e9ritable &hellip; <\/p>\n<div class=\"link-more\"><a href=\"https:\/\/nenedemo.ovh\/TAEKWORPRESS\/?p=2314\" class=\"more-link\">Read More<span class=\"screen-reader-text\"> &#8220;Stages r\u00e9gionaux Nouvelle-Aquitaine 2026&#8221;<\/span><\/a><\/div>\n","protected":false},"author":3,"featured_media":0,"comment_status":"open","ping_status":"open","sticky":false,"template":"","format":"standard","meta":{"footnotes":""},"categories":[1],"tags":[],"class_list":["post-2314","post","type-post","status-publish","format-standard","hentry","category-taekwondo"],"yoast_head":"<!-- This site is optimized with the Yoast SEO plugin v22.8 - https:\/\/yoast.com\/wordpress\/plugins\/seo\/ -->\n<title>Stages r\u00e9gionaux Nouvelle-Aquitaine 2026 - ASM TAEKWONDO PAU<\/title>\n<meta name=\"robots\" content=\"index, follow, max-snippet:-1, max-image-preview:large, max-video-preview:-1\" \/>\n<link rel=\"canonical\" href=\"https:\/\/nenedemo.ovh\/TAEKWORPRESS\/?p=2314\" \/>\n<meta property=\"og:locale\" content=\"fr_FR\" \/>\n<meta property=\"og:type\" content=\"article\" \/>\n<meta property=\"og:title\" content=\"Stages r\u00e9gionaux Nouvelle-Aquitaine 2026 - ASM TAEKWONDO PAU\" \/>\n<meta property=\"og:description\" content=\"Les 24 et 25 janvier 2026, les coachs et \u00e9l\u00e8ves de l\u2019ASM Taekwondo de Pau ont fi\u00e8rement particip\u00e9 aux stages r\u00e9gionaux de Taekwondo Nouvelle-Aquitaine, un rendez-vous incontournable pour la formation, la transmission et l\u2019excellence technique. Le 24 janvier \u00e9tait d\u00e9di\u00e9 \u00e0 la formation de juge passage de grades. La fonction de jur\u00e9 repr\u00e9sente un v\u00e9ritable &hellip; Read More &quot;Stages r\u00e9gionaux Nouvelle-Aquitaine 2026&quot;\" \/>\n<meta property=\"og:url\" content=\"https:\/\/nenedemo.ovh\/TAEKWORPRESS\/?p=2314\" \/>\n<meta property=\"og:site_name\" content=\"ASM TAEKWONDO PAU\" \/>\n<meta property=\"article:publisher\" content=\"https:\/\/www.facebook.com\/groups\/210021564364\/\" \/>\n<meta property=\"article:published_time\" content=\"2026-01-31T17:34:48+00:00\" \/>\n<meta property=\"article:modified_time\" content=\"2026-01-31T23:03:55+00:00\" \/>\n<meta property=\"og:image\" content=\"https:\/\/nenedemo.ovh\/TAEKWORPRESS\/wp-content\/uploads\/2026\/01\/Stage2026-1600x900.jpeg\" \/>\n<meta name=\"author\" content=\"Webmaster\" \/>\n<meta name=\"twitter:card\" content=\"summary_large_image\" \/>\n<meta name=\"twitter:label1\" content=\"\u00c9crit par\" \/>\n\t<meta name=\"twitter:data1\" content=\"Webmaster\" \/>\n\t<meta name=\"twitter:label2\" content=\"Dur\u00e9e de lecture estim\u00e9e\" \/>\n\t<meta name=\"twitter:data2\" content=\"2 minutes\" \/>\n<script type=\"application\/ld+json\" class=\"yoast-schema-graph\">{\"@context\":\"https:\/\/schema.org\",\"@graph\":[{\"@type\":\"Article\",\"@id\":\"https:\/\/nenedemo.ovh\/TAEKWORPRESS\/?p=2314#article\",\"isPartOf\":{\"@id\":\"https:\/\/nenedemo.ovh\/TAEKWORPRESS\/?p=2314\"},\"author\":{\"name\":\"Webmaster\",\"@id\":\"https:\/\/nenedemo.ovh\/TAEKWORPRESS\/#\/schema\/person\/f7d9fc6a830f7601e81cdc2f1e700b8c\"},\"headline\":\"Stages r\u00e9gionaux Nouvelle-Aquitaine 2026\",\"datePublished\":\"2026-01-31T17:34:48+00:00\",\"dateModified\":\"2026-01-31T23:03:55+00:00\",\"mainEntityOfPage\":{\"@id\":\"https:\/\/nenedemo.ovh\/TAEKWORPRESS\/?p=2314\"},\"wordCount\":183,\"commentCount\":0,\"publisher\":{\"@id\":\"https:\/\/nenedemo.ovh\/TAEKWORPRESS\/#organization\"},\"image\":{\"@id\":\"https:\/\/nenedemo.ovh\/TAEKWORPRESS\/?p=2314#primaryimage\"},\"thumbnailUrl\":\"https:\/\/nenedemo.ovh\/TAEKWORPRESS\/wp-content\/uploads\/2026\/01\/Stage2026-1600x900.jpeg\",\"articleSection\":[\"TAEKWONDO\"],\"inLanguage\":\"fr-FR\",\"potentialAction\":[{\"@type\":\"CommentAction\",\"name\":\"Comment\",\"target\":[\"https:\/\/nenedemo.ovh\/TAEKWORPRESS\/?p=2314#respond\"]}]},{\"@type\":\"WebPage\",\"@id\":\"https:\/\/nenedemo.ovh\/TAEKWORPRESS\/?p=2314\",\"url\":\"https:\/\/nenedemo.ovh\/TAEKWORPRESS\/?p=2314\",\"name\":\"Stages r\u00e9gionaux Nouvelle-Aquitaine 2026 - ASM TAEKWONDO PAU\",\"isPartOf\":{\"@id\":\"https:\/\/nenedemo.ovh\/TAEKWORPRESS\/#website\"},\"primaryImageOfPage\":{\"@id\":\"https:\/\/nenedemo.ovh\/TAEKWORPRESS\/?p=2314#primaryimage\"},\"image\":{\"@id\":\"https:\/\/nenedemo.ovh\/TAEKWORPRESS\/?p=2314#primaryimage\"},\"thumbnailUrl\":\"https:\/\/nenedemo.ovh\/TAEKWORPRESS\/wp-content\/uploads\/2026\/01\/Stage2026-1600x900.jpeg\",\"datePublished\":\"2026-01-31T17:34:48+00:00\",\"dateModified\":\"2026-01-31T23:03:55+00:00\",\"breadcrumb\":{\"@id\":\"https:\/\/nenedemo.ovh\/TAEKWORPRESS\/?p=2314#breadcrumb\"},\"inLanguage\":\"fr-FR\",\"potentialAction\":[{\"@type\":\"ReadAction\",\"target\":[\"https:\/\/nenedemo.ovh\/TAEKWORPRESS\/?p=2314\"]}]},{\"@type\":\"ImageObject\",\"inLanguage\":\"fr-FR\",\"@id\":\"https:\/\/nenedemo.ovh\/TAEKWORPRESS\/?p=2314#primaryimage\",\"url\":\"https:\/\/nenedemo.ovh\/TAEKWORPRESS\/wp-content\/uploads\/2026\/01\/Stage2026.jpeg\",\"contentUrl\":\"https:\/\/nenedemo.ovh\/TAEKWORPRESS\/wp-content\/uploads\/2026\/01\/Stage2026.jpeg\",\"width\":2016,\"height\":1134},{\"@type\":\"BreadcrumbList\",\"@id\":\"https:\/\/nenedemo.ovh\/TAEKWORPRESS\/?p=2314#breadcrumb\",\"itemListElement\":[{\"@type\":\"ListItem\",\"position\":1,\"name\":\"Accueil\",\"item\":\"https:\/\/nenedemo.ovh\/TAEKWORPRESS\/\"},{\"@type\":\"ListItem\",\"position\":2,\"name\":\"Stages r\u00e9gionaux Nouvelle-Aquitaine 2026\"}]},{\"@type\":\"WebSite\",\"@id\":\"https:\/\/nenedemo.ovh\/TAEKWORPRESS\/#website\",\"url\":\"https:\/\/nenedemo.ovh\/TAEKWORPRESS\/\",\"name\":\"A.S.M. TAEKWONDO PAU\",\"description\":\"Association Sportive Municipale de Pau\",\"publisher\":{\"@id\":\"https:\/\/nenedemo.ovh\/TAEKWORPRESS\/#organization\"},\"potentialAction\":[{\"@type\":\"SearchAction\",\"target\":{\"@type\":\"EntryPoint\",\"urlTemplate\":\"https:\/\/nenedemo.ovh\/TAEKWORPRESS\/?s={search_term_string}\"},\"query-input\":\"required name=search_term_string\"}],\"inLanguage\":\"fr-FR\"},{\"@type\":\"Organization\",\"@id\":\"https:\/\/nenedemo.ovh\/TAEKWORPRESS\/#organization\",\"name\":\"Association Sportive Municipale de Pau\",\"url\":\"https:\/\/nenedemo.ovh\/TAEKWORPRESS\/\",\"logo\":{\"@type\":\"ImageObject\",\"inLanguage\":\"fr-FR\",\"@id\":\"https:\/\/nenedemo.ovh\/TAEKWORPRESS\/#\/schema\/logo\/image\/\",\"url\":\"https:\/\/nenedemo.ovh\/TAEKWORPRESS\/wp-content\/uploads\/2023\/08\/cropped-LOGO_FINAL_ASM-1.png\",\"contentUrl\":\"https:\/\/nenedemo.ovh\/TAEKWORPRESS\/wp-content\/uploads\/2023\/08\/cropped-LOGO_FINAL_ASM-1.png\",\"width\":250,\"height\":250,\"caption\":\"Association Sportive Municipale de Pau\"},\"image\":{\"@id\":\"https:\/\/nenedemo.ovh\/TAEKWORPRESS\/#\/schema\/logo\/image\/\"},\"sameAs\":[\"https:\/\/www.facebook.com\/groups\/210021564364\/\"]},{\"@type\":\"Person\",\"@id\":\"https:\/\/nenedemo.ovh\/TAEKWORPRESS\/#\/schema\/person\/f7d9fc6a830f7601e81cdc2f1e700b8c\",\"name\":\"Webmaster\",\"image\":{\"@type\":\"ImageObject\",\"inLanguage\":\"fr-FR\",\"@id\":\"https:\/\/nenedemo.ovh\/TAEKWORPRESS\/#\/schema\/person\/image\/\",\"url\":\"https:\/\/secure.gravatar.com\/avatar\/71e1a269f6018dbbc718c1eb7a6883d60da01cb91265b667eda661b7f77aa06b?s=96&d=mm&r=g\",\"contentUrl\":\"https:\/\/secure.gravatar.com\/avatar\/71e1a269f6018dbbc718c1eb7a6883d60da01cb91265b667eda661b7f77aa06b?s=96&d=mm&r=g\",\"caption\":\"Webmaster\"},\"url\":\"https:\/\/nenedemo.ovh\/TAEKWORPRESS\/?author=3\"}]}<\/script>\n<!-- \/ Yoast SEO plugin. -->","yoast_head_json":{"title":"Stages r\u00e9gionaux Nouvelle-Aquitaine 2026 - ASM TAEKWONDO PAU","robots":{"index":"index","follow":"follow","max-snippet":"max-snippet:-1","max-image-preview":"max-image-preview:large","max-video-preview":"max-video-preview:-1"},"canonical":"https:\/\/nenedemo.ovh\/TAEKWORPRESS\/?p=2314","og_locale":"fr_FR","og_type":"article","og_title":"Stages r\u00e9gionaux Nouvelle-Aquitaine 2026 - ASM TAEKWONDO PAU","og_description":"Les 24 et 25 janvier 2026, les coachs et \u00e9l\u00e8ves de l\u2019ASM Taekwondo de Pau ont fi\u00e8rement particip\u00e9 aux stages r\u00e9gionaux de Taekwondo Nouvelle-Aquitaine, un rendez-vous incontournable pour la formation, la transmission et l\u2019excellence technique. Le 24 janvier \u00e9tait d\u00e9di\u00e9 \u00e0 la formation de juge passage de grades. La fonction de jur\u00e9 repr\u00e9sente un v\u00e9ritable &hellip; Read More \"Stages r\u00e9gionaux Nouvelle-Aquitaine 2026\"","og_url":"https:\/\/nenedemo.ovh\/TAEKWORPRESS\/?p=2314","og_site_name":"ASM TAEKWONDO PAU","article_publisher":"https:\/\/www.facebook.com\/groups\/210021564364\/","article_published_time":"2026-01-31T17:34:48+00:00","article_modified_time":"2026-01-31T23:03:55+00:00","og_image":[{"url":"https:\/\/nenedemo.ovh\/TAEKWORPRESS\/wp-content\/uploads\/2026\/01\/Stage2026-1600x900.jpeg"}],"author":"Webmaster","twitter_card":"summary_large_image","twitter_misc":{"\u00c9crit par":"Webmaster","Dur\u00e9e de lecture estim\u00e9e":"2 minutes"},"schema":{"@context":"https:\/\/schema.org","@graph":[{"@type":"Article","@id":"https:\/\/nenedemo.ovh\/TAEKWORPRESS\/?p=2314#article","isPartOf":{"@id":"https:\/\/nenedemo.ovh\/TAEKWORPRESS\/?p=2314"},"author":{"name":"Webmaster","@id":"https:\/\/nenedemo.ovh\/TAEKWORPRESS\/#\/schema\/person\/f7d9fc6a830f7601e81cdc2f1e700b8c"},"headline":"Stages r\u00e9gionaux Nouvelle-Aquitaine 2026","datePublished":"2026-01-31T17:34:48+00:00","dateModified":"2026-01-31T23:03:55+00:00","mainEntityOfPage":{"@id":"https:\/\/nenedemo.ovh\/TAEKWORPRESS\/?p=2314"},"wordCount":183,"commentCount":0,"publisher":{"@id":"https:\/\/nenedemo.ovh\/TAEKWORPRESS\/#organization"},"image":{"@id":"https:\/\/nenedemo.ovh\/TAEKWORPRESS\/?p=2314#primaryimage"},"thumbnailUrl":"https:\/\/nenedemo.ovh\/TAEKWORPRESS\/wp-content\/uploads\/2026\/01\/Stage2026-1600x900.jpeg","articleSection":["TAEKWONDO"],"inLanguage":"fr-FR","potentialAction":[{"@type":"CommentAction","name":"Comment","target":["https:\/\/nenedemo.ovh\/TAEKWORPRESS\/?p=2314#respond"]}]},{"@type":"WebPage","@id":"https:\/\/nenedemo.ovh\/TAEKWORPRESS\/?p=2314","url":"https:\/\/nenedemo.ovh\/TAEKWORPRESS\/?p=2314","name":"Stages r\u00e9gionaux Nouvelle-Aquitaine 2026 - ASM TAEKWONDO PAU","isPartOf":{"@id":"https:\/\/nenedemo.ovh\/TAEKWORPRESS\/#website"},"primaryImageOfPage":{"@id":"https:\/\/nenedemo.ovh\/TAEKWORPRESS\/?p=2314#primaryimage"},"image":{"@id":"https:\/\/nenedemo.ovh\/TAEKWORPRESS\/?p=2314#primaryimage"},"thumbnailUrl":"https:\/\/nenedemo.ovh\/TAEKWORPRESS\/wp-content\/uploads\/2026\/01\/Stage2026-1600x900.jpeg","datePublished":"2026-01-31T17:34:48+00:00","dateModified":"2026-01-31T23:03:55+00:00","breadcrumb":{"@id":"https:\/\/nenedemo.ovh\/TAEKWORPRESS\/?p=2314#breadcrumb"},"inLanguage":"fr-FR","potentialAction":[{"@type":"ReadAction","target":["https:\/\/nenedemo.ovh\/TAEKWORPRESS\/?p=2314"]}]},{"@type":"ImageObject","inLanguage":"fr-FR","@id":"https:\/\/nenedemo.ovh\/TAEKWORPRESS\/?p=2314#primaryimage","url":"https:\/\/nenedemo.ovh\/TAEKWORPRESS\/wp-content\/uploads\/2026\/01\/Stage2026.jpeg","contentUrl":"https:\/\/nenedemo.ovh\/TAEKWORPRESS\/wp-content\/uploads\/2026\/01\/Stage2026.jpeg","width":2016,"height":1134},{"@type":"BreadcrumbList","@id":"https:\/\/nenedemo.ovh\/TAEKWORPRESS\/?p=2314#breadcrumb","itemListElement":[{"@type":"ListItem","position":1,"name":"Accueil","item":"https:\/\/nenedemo.ovh\/TAEKWORPRESS\/"},{"@type":"ListItem","position":2,"name":"Stages r\u00e9gionaux Nouvelle-Aquitaine 2026"}]},{"@type":"WebSite","@id":"https:\/\/nenedemo.ovh\/TAEKWORPRESS\/#website","url":"https:\/\/nenedemo.ovh\/TAEKWORPRESS\/","name":"A.S.M. TAEKWONDO PAU","description":"Association Sportive Municipale de Pau","publisher":{"@id":"https:\/\/nenedemo.ovh\/TAEKWORPRESS\/#organization"},"potentialAction":[{"@type":"SearchAction","target":{"@type":"EntryPoint","urlTemplate":"https:\/\/nenedemo.ovh\/TAEKWORPRESS\/?s={search_term_string}"},"query-input":"required name=search_term_string"}],"inLanguage":"fr-FR"},{"@type":"Organization","@id":"https:\/\/nenedemo.ovh\/TAEKWORPRESS\/#organization","name":"Association Sportive Municipale de Pau","url":"https:\/\/nenedemo.ovh\/TAEKWORPRESS\/","logo":{"@type":"ImageObject","inLanguage":"fr-FR","@id":"https:\/\/nenedemo.ovh\/TAEKWORPRESS\/#\/schema\/logo\/image\/","url":"https:\/\/nenedemo.ovh\/TAEKWORPRESS\/wp-content\/uploads\/2023\/08\/cropped-LOGO_FINAL_ASM-1.png","contentUrl":"https:\/\/nenedemo.ovh\/TAEKWORPRESS\/wp-content\/uploads\/2023\/08\/cropped-LOGO_FINAL_ASM-1.png","width":250,"height":250,"caption":"Association Sportive Municipale de Pau"},"image":{"@id":"https:\/\/nenedemo.ovh\/TAEKWORPRESS\/#\/schema\/logo\/image\/"},"sameAs":["https:\/\/www.facebook.com\/groups\/210021564364\/"]},{"@type":"Person","@id":"https:\/\/nenedemo.ovh\/TAEKWORPRESS\/#\/schema\/person\/f7d9fc6a830f7601e81cdc2f1e700b8c","name":"Webmaster","image":{"@type":"ImageObject","inLanguage":"fr-FR","@id":"https:\/\/nenedemo.ovh\/TAEKWORPRESS\/#\/schema\/person\/image\/","url":"https:\/\/secure.gravatar.com\/avatar\/71e1a269f6018dbbc718c1eb7a6883d60da01cb91265b667eda661b7f77aa06b?s=96&d=mm&r=g","contentUrl":"https:\/\/secure.gravatar.com\/avatar\/71e1a269f6018dbbc718c1eb7a6883d60da01cb91265b667eda661b7f77aa06b?s=96&d=mm&r=g","caption":"Webmaster"},"url":"https:\/\/nenedemo.ovh\/TAEKWORPRESS\/?author=3"}]}},"_links":{"self":[{"href":"https:\/\/nenedemo.ovh\/TAEKWORPRESS\/index.php?rest_route=\/wp\/v2\/posts\/2314","targetHints":{"allow":["GET"]}}],"collection":[{"href":"https:\/\/nenedemo.ovh\/TAEKWORPRESS\/index.php?rest_route=\/wp\/v2\/posts"}],"about":[{"href":"https:\/\/nenedemo.ovh\/TAEKWORPRESS\/index.php?rest_route=\/wp\/v2\/types\/post"}],"author":[{"embeddable":true,"href":"https:\/\/nenedemo.ovh\/TAEKWORPRESS\/index.php?rest_route=\/wp\/v2\/users\/3"}],"replies":[{"embeddable":true,"href":"https:\/\/nenedemo.ovh\/TAEKWORPRESS\/index.php?rest_route=%2Fwp%2Fv2%2Fcomments&post=2314"}],"version-history":[{"count":1,"href":"https:\/\/nenedemo.ovh\/TAEKWORPRESS\/index.php?rest_route=\/wp\/v2\/posts\/2314\/revisions"}],"predecessor-version":[{"id":2317,"href":"https:\/\/nenedemo.ovh\/TAEKWORPRESS\/index.php?rest_route=\/wp\/v2\/posts\/2314\/revisions\/2317"}],"wp:attachment":[{"href":"https:\/\/nenedemo.ovh\/TAEKWORPRESS\/index.php?rest_route=%2Fwp%2Fv2%2Fmedia&parent=2314"}],"wp:term":[{"taxonomy":"category","embeddable":true,"href":"https:\/\/nenedemo.ovh\/TAEKWORPRESS\/index.php?rest_route=%2Fwp%2Fv2%2Fcategories&post=2314"},{"taxonomy":"post_tag","embeddable":true,"href":"https:\/\/nenedemo.ovh\/TAEKWORPRESS\/index.php?rest_route=%2Fwp%2Fv2%2Ftags&post=2314"}],"curies":[{"name":"wp","href":"https:\/\/api.w.org\/{rel}","templated":true}]}}