{"id":2293,"date":"2025-09-08T15:32:57","date_gmt":"2025-09-08T13:32:57","guid":{"rendered":"https:\/\/nenedemo.ovh\/TAEKWORPRESS\/?p=2293"},"modified":"2025-09-08T15:38:25","modified_gmt":"2025-09-08T13:38:25","slug":"journee-nelson-paillou-2025","status":"publish","type":"post","link":"https:\/\/nenedemo.ovh\/TAEKWORPRESS\/?p=2293","title":{"rendered":"Journ\u00e9e Nelson Paillou 2025"},"content":{"rendered":"\n<p><mark style=\"background-color:rgba(0, 0, 0, 0)\" class=\"has-inline-color has-black-color\">Le dimanche 7 septembre 2025, ASM Taekwondo Pau, pour marquer le lancement de la saison sportive 2025-2026, \u00e0 participer \u00e0 la <strong><a href=\"https:\/\/cdos64.org\/JNP\/erasmus\/\">Journ\u00e9e Nelson Paillou<\/a> \u2013 Sport en Famille<\/strong>, organis\u00e9e par la Ville de Pau et l\u2019Office Municipal des Sports (OMS), et associ\u00e9e cette ann\u00e9e au projet <strong>Erasmus DSStreet<\/strong>.<\/mark><\/p>\n\n\n\n<p><mark style=\"background-color:rgba(0, 0, 0, 0)\" class=\"has-inline-color has-black-color\">Le club a anim\u00e9 un <strong>atelier d\u2019initiation au Taekwondo<\/strong>, permettant aux petits comme aux grands de d\u00e9couvrir les bases de cet art martial olympique. Discipline, respect, confiance en soi et \u00e9nergie \u00e9taient au rendez-vous, dans une ambiance chaleureuse et accessible \u00e0 tous.<\/mark><\/p>\n\n\n\n<p>\u2728 <mark style=\"background-color:rgba(0, 0, 0, 0)\" class=\"has-inline-color has-black-color\">Chez ASM Taekwondo Pau, chaque entra\u00eenement est une opportunit\u00e9 de progresser, de se d\u00e9passer et de partager des moments uniques. <strong>Rejoignez-nous d\u00e8s maintenant pour vivre une saison 2025-2026 riche en \u00e9nergie, en respect et en nouvelles aventures sportives !<\/strong><\/mark><\/p>\n\n\n\n<figure class=\"wp-block-image size-full\"><img loading=\"lazy\" decoding=\"async\" width=\"1600\" height=\"1200\" src=\"https:\/\/nenedemo.ovh\/TAEKWORPRESS\/wp-content\/uploads\/2025\/09\/7.jpg\" alt=\"\" class=\"wp-image-2306\" srcset=\"https:\/\/nenedemo.ovh\/TAEKWORPRESS\/wp-content\/uploads\/2025\/09\/7.jpg 1600w, https:\/\/nenedemo.ovh\/TAEKWORPRESS\/wp-content\/uploads\/2025\/09\/7-300x225.jpg 300w, https:\/\/nenedemo.ovh\/TAEKWORPRESS\/wp-content\/uploads\/2025\/09\/7-768x576.jpg 768w, https:\/\/nenedemo.ovh\/TAEKWORPRESS\/wp-content\/uploads\/2025\/09\/7-1536x1152.jpg 1536w\" sizes=\"auto, (max-width: 1600px) 100vw, 1600px\" \/><\/figure>\n\n\n\n<figure class=\"wp-block-image size-full\"><img loading=\"lazy\" decoding=\"async\" width=\"1200\" height=\"1600\" src=\"https:\/\/nenedemo.ovh\/TAEKWORPRESS\/wp-content\/uploads\/2025\/09\/2.jpg\" alt=\"\" class=\"wp-image-2295\" srcset=\"https:\/\/nenedemo.ovh\/TAEKWORPRESS\/wp-content\/uploads\/2025\/09\/2.jpg 1200w, https:\/\/nenedemo.ovh\/TAEKWORPRESS\/wp-content\/uploads\/2025\/09\/2-225x300.jpg 225w, https:\/\/nenedemo.ovh\/TAEKWORPRESS\/wp-content\/uploads\/2025\/09\/2-768x1024.jpg 768w, https:\/\/nenedemo.ovh\/TAEKWORPRESS\/wp-content\/uploads\/2025\/09\/2-1152x1536.jpg 1152w\" sizes=\"auto, (max-width: 1200px) 100vw, 1200px\" \/><\/figure>\n\n\n\n<figure class=\"wp-block-gallery has-nested-images columns-default is-cropped wp-block-gallery-1 is-layout-flex wp-block-gallery-is-layout-flex\">\n<figure class=\"wp-block-image size-large\"><img loading=\"lazy\" decoding=\"async\" width=\"1600\" height=\"721\" data-id=\"2301\" src=\"https:\/\/nenedemo.ovh\/TAEKWORPRESS\/wp-content\/uploads\/2025\/09\/4-1.jpg\" alt=\"\" class=\"wp-image-2301\" srcset=\"https:\/\/nenedemo.ovh\/TAEKWORPRESS\/wp-content\/uploads\/2025\/09\/4-1.jpg 1600w, https:\/\/nenedemo.ovh\/TAEKWORPRESS\/wp-content\/uploads\/2025\/09\/4-1-300x135.jpg 300w, https:\/\/nenedemo.ovh\/TAEKWORPRESS\/wp-content\/uploads\/2025\/09\/4-1-768x346.jpg 768w, https:\/\/nenedemo.ovh\/TAEKWORPRESS\/wp-content\/uploads\/2025\/09\/4-1-1536x692.jpg 1536w\" sizes=\"auto, (max-width: 1600px) 100vw, 1600px\" \/><\/figure>\n\n\n\n<figure class=\"wp-block-image size-large\"><img loading=\"lazy\" decoding=\"async\" width=\"1600\" height=\"721\" data-id=\"2300\" src=\"https:\/\/nenedemo.ovh\/TAEKWORPRESS\/wp-content\/uploads\/2025\/09\/5-1.jpg\" alt=\"\" class=\"wp-image-2300\" srcset=\"https:\/\/nenedemo.ovh\/TAEKWORPRESS\/wp-content\/uploads\/2025\/09\/5-1.jpg 1600w, https:\/\/nenedemo.ovh\/TAEKWORPRESS\/wp-content\/uploads\/2025\/09\/5-1-300x135.jpg 300w, https:\/\/nenedemo.ovh\/TAEKWORPRESS\/wp-content\/uploads\/2025\/09\/5-1-768x346.jpg 768w, https:\/\/nenedemo.ovh\/TAEKWORPRESS\/wp-content\/uploads\/2025\/09\/5-1-1536x692.jpg 1536w\" sizes=\"auto, (max-width: 1600px) 100vw, 1600px\" \/><\/figure>\n\n\n\n<figure class=\"wp-block-image size-large\"><img loading=\"lazy\" decoding=\"async\" width=\"1600\" height=\"721\" data-id=\"2302\" src=\"https:\/\/nenedemo.ovh\/TAEKWORPRESS\/wp-content\/uploads\/2025\/09\/6-1-1600x721.jpg\" alt=\"\" class=\"wp-image-2302\" srcset=\"https:\/\/nenedemo.ovh\/TAEKWORPRESS\/wp-content\/uploads\/2025\/09\/6-1-1600x721.jpg 1600w, https:\/\/nenedemo.ovh\/TAEKWORPRESS\/wp-content\/uploads\/2025\/09\/6-1-300x135.jpg 300w, https:\/\/nenedemo.ovh\/TAEKWORPRESS\/wp-content\/uploads\/2025\/09\/6-1-768x346.jpg 768w, https:\/\/nenedemo.ovh\/TAEKWORPRESS\/wp-content\/uploads\/2025\/09\/6-1-1536x692.jpg 1536w, https:\/\/nenedemo.ovh\/TAEKWORPRESS\/wp-content\/uploads\/2025\/09\/6-1.jpg 2048w\" sizes=\"auto, (max-width: 1600px) 100vw, 1600px\" \/><\/figure>\n<\/figure>\n","protected":false},"excerpt":{"rendered":"<p>Le dimanche 7 septembre 2025, ASM Taekwondo Pau, pour marquer le lancement de la saison sportive 2025-2026, \u00e0 participer \u00e0 la Journ\u00e9e Nelson Paillou \u2013 Sport en Famille, organis\u00e9e par la Ville de Pau et l\u2019Office Municipal des Sports (OMS), et associ\u00e9e cette ann\u00e9e au projet Erasmus DSStreet. Le club a anim\u00e9 un atelier d\u2019initiation &hellip; <\/p>\n<div class=\"link-more\"><a href=\"https:\/\/nenedemo.ovh\/TAEKWORPRESS\/?p=2293\" class=\"more-link\">Read More<span class=\"screen-reader-text\"> &#8220;Journ\u00e9e Nelson Paillou 2025&#8221;<\/span><\/a><\/div>\n","protected":false},"author":3,"featured_media":0,"comment_status":"open","ping_status":"open","sticky":false,"template":"","format":"standard","meta":{"footnotes":""},"categories":[1],"tags":[],"class_list":["post-2293","post","type-post","status-publish","format-standard","hentry","category-taekwondo"],"yoast_head":"<!-- This site is optimized with the Yoast SEO plugin v22.8 - https:\/\/yoast.com\/wordpress\/plugins\/seo\/ -->\n<title>Journ\u00e9e Nelson Paillou 2025 - ASM TAEKWONDO PAU<\/title>\n<meta name=\"robots\" content=\"index, follow, max-snippet:-1, max-image-preview:large, max-video-preview:-1\" \/>\n<link rel=\"canonical\" href=\"https:\/\/nenedemo.ovh\/TAEKWORPRESS\/?p=2293\" \/>\n<meta property=\"og:locale\" content=\"fr_FR\" \/>\n<meta property=\"og:type\" content=\"article\" \/>\n<meta property=\"og:title\" content=\"Journ\u00e9e Nelson Paillou 2025 - ASM TAEKWONDO PAU\" \/>\n<meta property=\"og:description\" content=\"Le dimanche 7 septembre 2025, ASM Taekwondo Pau, pour marquer le lancement de la saison sportive 2025-2026, \u00e0 participer \u00e0 la Journ\u00e9e Nelson Paillou \u2013 Sport en Famille, organis\u00e9e par la Ville de Pau et l\u2019Office Municipal des Sports (OMS), et associ\u00e9e cette ann\u00e9e au projet Erasmus DSStreet. Le club a anim\u00e9 un atelier d\u2019initiation &hellip; Read More &quot;Journ\u00e9e Nelson Paillou 2025&quot;\" \/>\n<meta property=\"og:url\" content=\"https:\/\/nenedemo.ovh\/TAEKWORPRESS\/?p=2293\" \/>\n<meta property=\"og:site_name\" content=\"ASM TAEKWONDO PAU\" \/>\n<meta property=\"article:publisher\" content=\"https:\/\/www.facebook.com\/groups\/210021564364\/\" \/>\n<meta property=\"article:published_time\" content=\"2025-09-08T13:32:57+00:00\" \/>\n<meta property=\"article:modified_time\" content=\"2025-09-08T13:38:25+00:00\" \/>\n<meta property=\"og:image\" content=\"https:\/\/nenedemo.ovh\/TAEKWORPRESS\/wp-content\/uploads\/2025\/09\/7.jpg\" \/>\n<meta name=\"author\" content=\"Webmaster\" \/>\n<meta name=\"twitter:card\" content=\"summary_large_image\" \/>\n<meta name=\"twitter:label1\" content=\"\u00c9crit par\" \/>\n\t<meta name=\"twitter:data1\" content=\"Webmaster\" \/>\n\t<meta name=\"twitter:label2\" content=\"Dur\u00e9e de lecture estim\u00e9e\" \/>\n\t<meta name=\"twitter:data2\" content=\"2 minutes\" \/>\n<script type=\"application\/ld+json\" class=\"yoast-schema-graph\">{\"@context\":\"https:\/\/schema.org\",\"@graph\":[{\"@type\":\"Article\",\"@id\":\"https:\/\/nenedemo.ovh\/TAEKWORPRESS\/?p=2293#article\",\"isPartOf\":{\"@id\":\"https:\/\/nenedemo.ovh\/TAEKWORPRESS\/?p=2293\"},\"author\":{\"name\":\"Webmaster\",\"@id\":\"https:\/\/nenedemo.ovh\/TAEKWORPRESS\/#\/schema\/person\/f7d9fc6a830f7601e81cdc2f1e700b8c\"},\"headline\":\"Journ\u00e9e Nelson Paillou 2025\",\"datePublished\":\"2025-09-08T13:32:57+00:00\",\"dateModified\":\"2025-09-08T13:38:25+00:00\",\"mainEntityOfPage\":{\"@id\":\"https:\/\/nenedemo.ovh\/TAEKWORPRESS\/?p=2293\"},\"wordCount\":136,\"commentCount\":0,\"publisher\":{\"@id\":\"https:\/\/nenedemo.ovh\/TAEKWORPRESS\/#organization\"},\"image\":{\"@id\":\"https:\/\/nenedemo.ovh\/TAEKWORPRESS\/?p=2293#primaryimage\"},\"thumbnailUrl\":\"https:\/\/nenedemo.ovh\/TAEKWORPRESS\/wp-content\/uploads\/2025\/09\/7.jpg\",\"articleSection\":[\"TAEKWONDO\"],\"inLanguage\":\"fr-FR\",\"potentialAction\":[{\"@type\":\"CommentAction\",\"name\":\"Comment\",\"target\":[\"https:\/\/nenedemo.ovh\/TAEKWORPRESS\/?p=2293#respond\"]}]},{\"@type\":\"WebPage\",\"@id\":\"https:\/\/nenedemo.ovh\/TAEKWORPRESS\/?p=2293\",\"url\":\"https:\/\/nenedemo.ovh\/TAEKWORPRESS\/?p=2293\",\"name\":\"Journ\u00e9e Nelson Paillou 2025 - ASM TAEKWONDO PAU\",\"isPartOf\":{\"@id\":\"https:\/\/nenedemo.ovh\/TAEKWORPRESS\/#website\"},\"primaryImageOfPage\":{\"@id\":\"https:\/\/nenedemo.ovh\/TAEKWORPRESS\/?p=2293#primaryimage\"},\"image\":{\"@id\":\"https:\/\/nenedemo.ovh\/TAEKWORPRESS\/?p=2293#primaryimage\"},\"thumbnailUrl\":\"https:\/\/nenedemo.ovh\/TAEKWORPRESS\/wp-content\/uploads\/2025\/09\/7.jpg\",\"datePublished\":\"2025-09-08T13:32:57+00:00\",\"dateModified\":\"2025-09-08T13:38:25+00:00\",\"breadcrumb\":{\"@id\":\"https:\/\/nenedemo.ovh\/TAEKWORPRESS\/?p=2293#breadcrumb\"},\"inLanguage\":\"fr-FR\",\"potentialAction\":[{\"@type\":\"ReadAction\",\"target\":[\"https:\/\/nenedemo.ovh\/TAEKWORPRESS\/?p=2293\"]}]},{\"@type\":\"ImageObject\",\"inLanguage\":\"fr-FR\",\"@id\":\"https:\/\/nenedemo.ovh\/TAEKWORPRESS\/?p=2293#primaryimage\",\"url\":\"https:\/\/nenedemo.ovh\/TAEKWORPRESS\/wp-content\/uploads\/2025\/09\/7.jpg\",\"contentUrl\":\"https:\/\/nenedemo.ovh\/TAEKWORPRESS\/wp-content\/uploads\/2025\/09\/7.jpg\",\"width\":1600,\"height\":1200},{\"@type\":\"BreadcrumbList\",\"@id\":\"https:\/\/nenedemo.ovh\/TAEKWORPRESS\/?p=2293#breadcrumb\",\"itemListElement\":[{\"@type\":\"ListItem\",\"position\":1,\"name\":\"Accueil\",\"item\":\"https:\/\/nenedemo.ovh\/TAEKWORPRESS\/\"},{\"@type\":\"ListItem\",\"position\":2,\"name\":\"Journ\u00e9e Nelson Paillou 2025\"}]},{\"@type\":\"WebSite\",\"@id\":\"https:\/\/nenedemo.ovh\/TAEKWORPRESS\/#website\",\"url\":\"https:\/\/nenedemo.ovh\/TAEKWORPRESS\/\",\"name\":\"A.S.M. TAEKWONDO PAU\",\"description\":\"Association Sportive Municipale de Pau\",\"publisher\":{\"@id\":\"https:\/\/nenedemo.ovh\/TAEKWORPRESS\/#organization\"},\"potentialAction\":[{\"@type\":\"SearchAction\",\"target\":{\"@type\":\"EntryPoint\",\"urlTemplate\":\"https:\/\/nenedemo.ovh\/TAEKWORPRESS\/?s={search_term_string}\"},\"query-input\":\"required name=search_term_string\"}],\"inLanguage\":\"fr-FR\"},{\"@type\":\"Organization\",\"@id\":\"https:\/\/nenedemo.ovh\/TAEKWORPRESS\/#organization\",\"name\":\"Association Sportive Municipale de Pau\",\"url\":\"https:\/\/nenedemo.ovh\/TAEKWORPRESS\/\",\"logo\":{\"@type\":\"ImageObject\",\"inLanguage\":\"fr-FR\",\"@id\":\"https:\/\/nenedemo.ovh\/TAEKWORPRESS\/#\/schema\/logo\/image\/\",\"url\":\"https:\/\/nenedemo.ovh\/TAEKWORPRESS\/wp-content\/uploads\/2023\/08\/cropped-LOGO_FINAL_ASM-1.png\",\"contentUrl\":\"https:\/\/nenedemo.ovh\/TAEKWORPRESS\/wp-content\/uploads\/2023\/08\/cropped-LOGO_FINAL_ASM-1.png\",\"width\":250,\"height\":250,\"caption\":\"Association Sportive Municipale de Pau\"},\"image\":{\"@id\":\"https:\/\/nenedemo.ovh\/TAEKWORPRESS\/#\/schema\/logo\/image\/\"},\"sameAs\":[\"https:\/\/www.facebook.com\/groups\/210021564364\/\"]},{\"@type\":\"Person\",\"@id\":\"https:\/\/nenedemo.ovh\/TAEKWORPRESS\/#\/schema\/person\/f7d9fc6a830f7601e81cdc2f1e700b8c\",\"name\":\"Webmaster\",\"image\":{\"@type\":\"ImageObject\",\"inLanguage\":\"fr-FR\",\"@id\":\"https:\/\/nenedemo.ovh\/TAEKWORPRESS\/#\/schema\/person\/image\/\",\"url\":\"https:\/\/secure.gravatar.com\/avatar\/71e1a269f6018dbbc718c1eb7a6883d60da01cb91265b667eda661b7f77aa06b?s=96&d=mm&r=g\",\"contentUrl\":\"https:\/\/secure.gravatar.com\/avatar\/71e1a269f6018dbbc718c1eb7a6883d60da01cb91265b667eda661b7f77aa06b?s=96&d=mm&r=g\",\"caption\":\"Webmaster\"},\"url\":\"https:\/\/nenedemo.ovh\/TAEKWORPRESS\/?author=3\"}]}<\/script>\n<!-- \/ Yoast SEO plugin. -->","yoast_head_json":{"title":"Journ\u00e9e Nelson Paillou 2025 - ASM TAEKWONDO PAU","robots":{"index":"index","follow":"follow","max-snippet":"max-snippet:-1","max-image-preview":"max-image-preview:large","max-video-preview":"max-video-preview:-1"},"canonical":"https:\/\/nenedemo.ovh\/TAEKWORPRESS\/?p=2293","og_locale":"fr_FR","og_type":"article","og_title":"Journ\u00e9e Nelson Paillou 2025 - ASM TAEKWONDO PAU","og_description":"Le dimanche 7 septembre 2025, ASM Taekwondo Pau, pour marquer le lancement de la saison sportive 2025-2026, \u00e0 participer \u00e0 la Journ\u00e9e Nelson Paillou \u2013 Sport en Famille, organis\u00e9e par la Ville de Pau et l\u2019Office Municipal des Sports (OMS), et associ\u00e9e cette ann\u00e9e au projet Erasmus DSStreet. Le club a anim\u00e9 un atelier d\u2019initiation &hellip; Read More \"Journ\u00e9e Nelson Paillou 2025\"","og_url":"https:\/\/nenedemo.ovh\/TAEKWORPRESS\/?p=2293","og_site_name":"ASM TAEKWONDO PAU","article_publisher":"https:\/\/www.facebook.com\/groups\/210021564364\/","article_published_time":"2025-09-08T13:32:57+00:00","article_modified_time":"2025-09-08T13:38:25+00:00","og_image":[{"url":"https:\/\/nenedemo.ovh\/TAEKWORPRESS\/wp-content\/uploads\/2025\/09\/7.jpg"}],"author":"Webmaster","twitter_card":"summary_large_image","twitter_misc":{"\u00c9crit par":"Webmaster","Dur\u00e9e de lecture estim\u00e9e":"2 minutes"},"schema":{"@context":"https:\/\/schema.org","@graph":[{"@type":"Article","@id":"https:\/\/nenedemo.ovh\/TAEKWORPRESS\/?p=2293#article","isPartOf":{"@id":"https:\/\/nenedemo.ovh\/TAEKWORPRESS\/?p=2293"},"author":{"name":"Webmaster","@id":"https:\/\/nenedemo.ovh\/TAEKWORPRESS\/#\/schema\/person\/f7d9fc6a830f7601e81cdc2f1e700b8c"},"headline":"Journ\u00e9e Nelson Paillou 2025","datePublished":"2025-09-08T13:32:57+00:00","dateModified":"2025-09-08T13:38:25+00:00","mainEntityOfPage":{"@id":"https:\/\/nenedemo.ovh\/TAEKWORPRESS\/?p=2293"},"wordCount":136,"commentCount":0,"publisher":{"@id":"https:\/\/nenedemo.ovh\/TAEKWORPRESS\/#organization"},"image":{"@id":"https:\/\/nenedemo.ovh\/TAEKWORPRESS\/?p=2293#primaryimage"},"thumbnailUrl":"https:\/\/nenedemo.ovh\/TAEKWORPRESS\/wp-content\/uploads\/2025\/09\/7.jpg","articleSection":["TAEKWONDO"],"inLanguage":"fr-FR","potentialAction":[{"@type":"CommentAction","name":"Comment","target":["https:\/\/nenedemo.ovh\/TAEKWORPRESS\/?p=2293#respond"]}]},{"@type":"WebPage","@id":"https:\/\/nenedemo.ovh\/TAEKWORPRESS\/?p=2293","url":"https:\/\/nenedemo.ovh\/TAEKWORPRESS\/?p=2293","name":"Journ\u00e9e Nelson Paillou 2025 - ASM TAEKWONDO PAU","isPartOf":{"@id":"https:\/\/nenedemo.ovh\/TAEKWORPRESS\/#website"},"primaryImageOfPage":{"@id":"https:\/\/nenedemo.ovh\/TAEKWORPRESS\/?p=2293#primaryimage"},"image":{"@id":"https:\/\/nenedemo.ovh\/TAEKWORPRESS\/?p=2293#primaryimage"},"thumbnailUrl":"https:\/\/nenedemo.ovh\/TAEKWORPRESS\/wp-content\/uploads\/2025\/09\/7.jpg","datePublished":"2025-09-08T13:32:57+00:00","dateModified":"2025-09-08T13:38:25+00:00","breadcrumb":{"@id":"https:\/\/nenedemo.ovh\/TAEKWORPRESS\/?p=2293#breadcrumb"},"inLanguage":"fr-FR","potentialAction":[{"@type":"ReadAction","target":["https:\/\/nenedemo.ovh\/TAEKWORPRESS\/?p=2293"]}]},{"@type":"ImageObject","inLanguage":"fr-FR","@id":"https:\/\/nenedemo.ovh\/TAEKWORPRESS\/?p=2293#primaryimage","url":"https:\/\/nenedemo.ovh\/TAEKWORPRESS\/wp-content\/uploads\/2025\/09\/7.jpg","contentUrl":"https:\/\/nenedemo.ovh\/TAEKWORPRESS\/wp-content\/uploads\/2025\/09\/7.jpg","width":1600,"height":1200},{"@type":"BreadcrumbList","@id":"https:\/\/nenedemo.ovh\/TAEKWORPRESS\/?p=2293#breadcrumb","itemListElement":[{"@type":"ListItem","position":1,"name":"Accueil","item":"https:\/\/nenedemo.ovh\/TAEKWORPRESS\/"},{"@type":"ListItem","position":2,"name":"Journ\u00e9e Nelson Paillou 2025"}]},{"@type":"WebSite","@id":"https:\/\/nenedemo.ovh\/TAEKWORPRESS\/#website","url":"https:\/\/nenedemo.ovh\/TAEKWORPRESS\/","name":"A.S.M. TAEKWONDO PAU","description":"Association Sportive Municipale de Pau","publisher":{"@id":"https:\/\/nenedemo.ovh\/TAEKWORPRESS\/#organization"},"potentialAction":[{"@type":"SearchAction","target":{"@type":"EntryPoint","urlTemplate":"https:\/\/nenedemo.ovh\/TAEKWORPRESS\/?s={search_term_string}"},"query-input":"required name=search_term_string"}],"inLanguage":"fr-FR"},{"@type":"Organization","@id":"https:\/\/nenedemo.ovh\/TAEKWORPRESS\/#organization","name":"Association Sportive Municipale de Pau","url":"https:\/\/nenedemo.ovh\/TAEKWORPRESS\/","logo":{"@type":"ImageObject","inLanguage":"fr-FR","@id":"https:\/\/nenedemo.ovh\/TAEKWORPRESS\/#\/schema\/logo\/image\/","url":"https:\/\/nenedemo.ovh\/TAEKWORPRESS\/wp-content\/uploads\/2023\/08\/cropped-LOGO_FINAL_ASM-1.png","contentUrl":"https:\/\/nenedemo.ovh\/TAEKWORPRESS\/wp-content\/uploads\/2023\/08\/cropped-LOGO_FINAL_ASM-1.png","width":250,"height":250,"caption":"Association Sportive Municipale de Pau"},"image":{"@id":"https:\/\/nenedemo.ovh\/TAEKWORPRESS\/#\/schema\/logo\/image\/"},"sameAs":["https:\/\/www.facebook.com\/groups\/210021564364\/"]},{"@type":"Person","@id":"https:\/\/nenedemo.ovh\/TAEKWORPRESS\/#\/schema\/person\/f7d9fc6a830f7601e81cdc2f1e700b8c","name":"Webmaster","image":{"@type":"ImageObject","inLanguage":"fr-FR","@id":"https:\/\/nenedemo.ovh\/TAEKWORPRESS\/#\/schema\/person\/image\/","url":"https:\/\/secure.gravatar.com\/avatar\/71e1a269f6018dbbc718c1eb7a6883d60da01cb91265b667eda661b7f77aa06b?s=96&d=mm&r=g","contentUrl":"https:\/\/secure.gravatar.com\/avatar\/71e1a269f6018dbbc718c1eb7a6883d60da01cb91265b667eda661b7f77aa06b?s=96&d=mm&r=g","caption":"Webmaster"},"url":"https:\/\/nenedemo.ovh\/TAEKWORPRESS\/?author=3"}]}},"_links":{"self":[{"href":"https:\/\/nenedemo.ovh\/TAEKWORPRESS\/index.php?rest_route=\/wp\/v2\/posts\/2293","targetHints":{"allow":["GET"]}}],"collection":[{"href":"https:\/\/nenedemo.ovh\/TAEKWORPRESS\/index.php?rest_route=\/wp\/v2\/posts"}],"about":[{"href":"https:\/\/nenedemo.ovh\/TAEKWORPRESS\/index.php?rest_route=\/wp\/v2\/types\/post"}],"author":[{"embeddable":true,"href":"https:\/\/nenedemo.ovh\/TAEKWORPRESS\/index.php?rest_route=\/wp\/v2\/users\/3"}],"replies":[{"embeddable":true,"href":"https:\/\/nenedemo.ovh\/TAEKWORPRESS\/index.php?rest_route=%2Fwp%2Fv2%2Fcomments&post=2293"}],"version-history":[{"count":4,"href":"https:\/\/nenedemo.ovh\/TAEKWORPRESS\/index.php?rest_route=\/wp\/v2\/posts\/2293\/revisions"}],"predecessor-version":[{"id":2307,"href":"https:\/\/nenedemo.ovh\/TAEKWORPRESS\/index.php?rest_route=\/wp\/v2\/posts\/2293\/revisions\/2307"}],"wp:attachment":[{"href":"https:\/\/nenedemo.ovh\/TAEKWORPRESS\/index.php?rest_route=%2Fwp%2Fv2%2Fmedia&parent=2293"}],"wp:term":[{"taxonomy":"category","embeddable":true,"href":"https:\/\/nenedemo.ovh\/TAEKWORPRESS\/index.php?rest_route=%2Fwp%2Fv2%2Fcategories&post=2293"},{"taxonomy":"post_tag","embeddable":true,"href":"https:\/\/nenedemo.ovh\/TAEKWORPRESS\/index.php?rest_route=%2Fwp%2Fv2%2Ftags&post=2293"}],"curies":[{"name":"wp","href":"https:\/\/api.w.org\/{rel}","templated":true}]}}