{"id":2220,"date":"2025-07-20T18:15:48","date_gmt":"2025-07-20T16:15:48","guid":{"rendered":"https:\/\/nenedemo.ovh\/TAEKWORPRESS\/?p=2220"},"modified":"2025-07-20T19:03:08","modified_gmt":"2025-07-20T17:03:08","slug":"passage-de-grade-2025","status":"publish","type":"post","link":"https:\/\/nenedemo.ovh\/TAEKWORPRESS\/?p=2220","title":{"rendered":"Passage de grade 2025"},"content":{"rendered":"\n<p>\ud83e\udd4b <mark style=\"background-color:rgba(0, 0, 0, 0)\" class=\"has-inline-color has-black-color\">Le 14 juin, le <strong>passage de grade<\/strong> des enfants et adultes du club <strong>ASM Taekwondo Pau<\/strong> s\u2019est d\u00e9roul\u00e9 dans une ambiance \u00e0 la fois solennelle et chaleureuse, marquant l\u2019aboutissement d\u2019un <strong>travail men\u00e9 tout au long de la saison 2024-2025<\/strong>. Ce rendez-vous important a permis de valoriser <strong>les progr\u00e8s r\u00e9alis\u00e9s tout au long de l\u2019ann\u00e9e<\/strong>, dans un esprit d\u2019encouragement, de discipline et d\u2019\u00e9coute.<\/mark><\/p>\n\n\n\n<p><mark style=\"background-color:rgba(0, 0, 0, 0)\" class=\"has-inline-color has-black-color\"><strong>Les jeunes pratiquants<\/strong>, du plus petit au plus exp\u00e9riment\u00e9, ont d\u00e9montr\u00e9 leur engagement avec sinc\u00e9rit\u00e9. Leurs mouvements, parfois h\u00e9sitants, parfois d\u00e9j\u00e0 affirm\u00e9s, traduisaient un apprentissage progressif, patiemment accompagn\u00e9 par des enseignants bienveillants et attentifs. Les sourires fiers, les encouragements murmur\u00e9s entre camarades, les saluts respectueux\u2026 autant de gestes simples qui montrent combien le Taekwondo est un<strong> <strong>rite de passage<\/strong>, une \u00e9tape o\u00f9 chaque enfant, \u00e0 son rythme, se d\u00e9passe et prend confiance.<\/strong><\/mark>\ud83d\ude4f<\/p>\n\n\n\n<p><mark style=\"background-color:rgba(0, 0, 0, 0)\" class=\"has-inline-color has-black-color\"><strong>Chez les adultes<\/strong>, ce fut \u00e9galement un moment fort en \u00e9motions. Du d\u00e9butant enthousiaste au pratiquant exp\u00e9riment\u00e9, tous ont donn\u00e9 le meilleur d\u2019eux-m\u00eames, dans le respect des valeurs du Taekwondo. L&#8217;exigence \u00e9tait bien pr\u00e9sente dans le respect des capacit\u00e9s de chacun, mais toujours <strong>dans une dynamique positive<\/strong>, tourn\u00e9e vers l\u2019encouragement, la progression et la valorisation des efforts. Au-del\u00e0 de la performance, c\u2019est le <strong>plaisir d\u2019apprendre, de progresser et de se d\u00e9passer \u00e0 son rythme<\/strong> qui dominait. Guid\u00e9s par le <strong>serment du taekwondo<\/strong>, les pratiquants ont illustr\u00e9 \u00e0 leur mani\u00e8re les grandes valeurs du Taekwondo.<\/mark> \ud83c\udf1f<\/p>\n\n\n\n<p><mark style=\"background-color:rgba(0, 0, 0, 0)\" class=\"has-inline-color has-black-color\">Ce passage de grade fut aussi une <strong>c\u00e9l\u00e9bration collective<\/strong>. La salle vibrait aux rythmes des kihap, des applaudissements et des encouragements des parents. <mark style=\"background-color:rgba(0, 0, 0, 0)\" class=\"has-inline-color has-black-color\">Cette journ\u00e9e fut aussi l\u2019occasion de rappeler que les arts martiaux ne se r\u00e9sument pas \u00e0 des gestes pr\u00e9cis, mais qu\u2019ils forment des individus. Dans cet esprit, <strong>Ma\u00eetre Philippe Paillot<\/strong>, paraphrasant le grand ma\u00eetre Gichin Funakoshi, a rappel\u00e9 avec force : <em>\u00ab Le but ultime des arts martiaux ne r\u00e9side pas dans la victoire ou la d\u00e9faite, mais dans le perfectionnement du caract\u00e8re. \u00bb<\/em><\/mark>. <\/mark>\ud83d\ude4f<\/p>\n\n\n\n<p><mark style=\"background-color:rgba(0, 0, 0, 0)\" class=\"has-inline-color has-black-color\">\ud83d\udc4f <strong>F\u00e9licitations \u00e0 tous les \u00e9l\u00e8ves<\/strong> pour leur courage, leur implication et leur belle progression. Chaque ceinture d\u00e9croch\u00e9e symbolise une <strong>\u00e9tape franchie, un engagement renouvel\u00e9<\/strong>, un pas de plus vers la ma\u00eetrise de soi. &nbsp;<a href=\"https:\/\/nenedemo.ovh\/TAEKWORPRESS\/?page_id=123\">Le rendez-vous est d\u2019ores et d\u00e9j\u00e0 pris pour la prochaine saison sportive<\/a>&nbsp;!<\/mark><\/p>\n\n\n\n<p>#Taekwondo #ASMtaekwondoPau #ArtsMartiaux #EspritMartial #Burger&#8217;sPhotos<\/p>\n\n\n\n<figure class=\"wp-block-gallery has-nested-images columns-default is-cropped wp-block-gallery-1 is-layout-flex wp-block-gallery-is-layout-flex\">\n<figure class=\"wp-block-image size-large\"><img loading=\"lazy\" decoding=\"async\" width=\"1600\" height=\"770\" data-id=\"2221\" src=\"https:\/\/nenedemo.ovh\/TAEKWORPRESS\/wp-content\/uploads\/2025\/07\/Taekwondo-Pau-1020-1600x770.jpg\" alt=\"\" class=\"wp-image-2221\" srcset=\"https:\/\/nenedemo.ovh\/TAEKWORPRESS\/wp-content\/uploads\/2025\/07\/Taekwondo-Pau-1020-1600x770.jpg 1600w, https:\/\/nenedemo.ovh\/TAEKWORPRESS\/wp-content\/uploads\/2025\/07\/Taekwondo-Pau-1020-300x144.jpg 300w, https:\/\/nenedemo.ovh\/TAEKWORPRESS\/wp-content\/uploads\/2025\/07\/Taekwondo-Pau-1020-768x370.jpg 768w, https:\/\/nenedemo.ovh\/TAEKWORPRESS\/wp-content\/uploads\/2025\/07\/Taekwondo-Pau-1020-1536x739.jpg 1536w, https:\/\/nenedemo.ovh\/TAEKWORPRESS\/wp-content\/uploads\/2025\/07\/Taekwondo-Pau-1020-2048x985.jpg 2048w\" sizes=\"auto, (max-width: 1600px) 100vw, 1600px\" \/><\/figure>\n<\/figure>\n\n\n\n<figure class=\"wp-block-gallery has-nested-images columns-default is-cropped wp-block-gallery-2 is-layout-flex wp-block-gallery-is-layout-flex\">\n<figure class=\"wp-block-image size-large\"><img loading=\"lazy\" decoding=\"async\" width=\"521\" height=\"782\" data-id=\"2222\" src=\"https:\/\/nenedemo.ovh\/TAEKWORPRESS\/wp-content\/uploads\/2025\/07\/Capture229.png\" alt=\"\" class=\"wp-image-2222\" srcset=\"https:\/\/nenedemo.ovh\/TAEKWORPRESS\/wp-content\/uploads\/2025\/07\/Capture229.png 521w, https:\/\/nenedemo.ovh\/TAEKWORPRESS\/wp-content\/uploads\/2025\/07\/Capture229-200x300.png 200w\" sizes=\"auto, (max-width: 521px) 100vw, 521px\" \/><\/figure>\n\n\n\n<figure class=\"wp-block-image size-full\"><img loading=\"lazy\" decoding=\"async\" width=\"521\" height=\"788\" data-id=\"2235\" src=\"https:\/\/nenedemo.ovh\/TAEKWORPRESS\/wp-content\/uploads\/2025\/07\/Capture116.png\" alt=\"\" class=\"wp-image-2235\" srcset=\"https:\/\/nenedemo.ovh\/TAEKWORPRESS\/wp-content\/uploads\/2025\/07\/Capture116.png 521w, https:\/\/nenedemo.ovh\/TAEKWORPRESS\/wp-content\/uploads\/2025\/07\/Capture116-198x300.png 198w\" sizes=\"auto, (max-width: 521px) 100vw, 521px\" \/><\/figure>\n\n\n\n<figure class=\"wp-block-image size-large\"><img loading=\"lazy\" decoding=\"async\" width=\"1066\" height=\"1600\" data-id=\"2224\" src=\"https:\/\/nenedemo.ovh\/TAEKWORPRESS\/wp-content\/uploads\/2025\/07\/Taekwondo-Pau-305-1066x1600.jpg\" alt=\"\" class=\"wp-image-2224\" srcset=\"https:\/\/nenedemo.ovh\/TAEKWORPRESS\/wp-content\/uploads\/2025\/07\/Taekwondo-Pau-305-1066x1600.jpg 1066w, https:\/\/nenedemo.ovh\/TAEKWORPRESS\/wp-content\/uploads\/2025\/07\/Taekwondo-Pau-305-200x300.jpg 200w, https:\/\/nenedemo.ovh\/TAEKWORPRESS\/wp-content\/uploads\/2025\/07\/Taekwondo-Pau-305-768x1153.jpg 768w, https:\/\/nenedemo.ovh\/TAEKWORPRESS\/wp-content\/uploads\/2025\/07\/Taekwondo-Pau-305-1023x1536.jpg 1023w, https:\/\/nenedemo.ovh\/TAEKWORPRESS\/wp-content\/uploads\/2025\/07\/Taekwondo-Pau-305-1364x2048.jpg 1364w, https:\/\/nenedemo.ovh\/TAEKWORPRESS\/wp-content\/uploads\/2025\/07\/Taekwondo-Pau-305-scaled.jpg 1705w\" sizes=\"auto, (max-width: 1066px) 100vw, 1066px\" \/><\/figure>\n<\/figure>\n\n\n\n<figure class=\"wp-block-gallery has-nested-images columns-default is-cropped wp-block-gallery-3 is-layout-flex wp-block-gallery-is-layout-flex\">\n<figure class=\"wp-block-image size-large\"><img loading=\"lazy\" decoding=\"async\" width=\"1066\" height=\"1600\" data-id=\"2227\" src=\"https:\/\/nenedemo.ovh\/TAEKWORPRESS\/wp-content\/uploads\/2025\/07\/Taekwondo-Pau-456-1066x1600.jpg\" alt=\"\" class=\"wp-image-2227\" srcset=\"https:\/\/nenedemo.ovh\/TAEKWORPRESS\/wp-content\/uploads\/2025\/07\/Taekwondo-Pau-456-1066x1600.jpg 1066w, https:\/\/nenedemo.ovh\/TAEKWORPRESS\/wp-content\/uploads\/2025\/07\/Taekwondo-Pau-456-200x300.jpg 200w, https:\/\/nenedemo.ovh\/TAEKWORPRESS\/wp-content\/uploads\/2025\/07\/Taekwondo-Pau-456-768x1153.jpg 768w, https:\/\/nenedemo.ovh\/TAEKWORPRESS\/wp-content\/uploads\/2025\/07\/Taekwondo-Pau-456-1023x1536.jpg 1023w, https:\/\/nenedemo.ovh\/TAEKWORPRESS\/wp-content\/uploads\/2025\/07\/Taekwondo-Pau-456-1364x2048.jpg 1364w, https:\/\/nenedemo.ovh\/TAEKWORPRESS\/wp-content\/uploads\/2025\/07\/Taekwondo-Pau-456-scaled.jpg 1705w\" sizes=\"auto, (max-width: 1066px) 100vw, 1066px\" \/><\/figure>\n\n\n\n<figure class=\"wp-block-image size-large\"><img loading=\"lazy\" decoding=\"async\" width=\"1066\" height=\"1600\" data-id=\"2243\" src=\"https:\/\/nenedemo.ovh\/TAEKWORPRESS\/wp-content\/uploads\/2025\/07\/Taekwondo-Pau-836-1066x1600.jpg\" alt=\"\" class=\"wp-image-2243\" srcset=\"https:\/\/nenedemo.ovh\/TAEKWORPRESS\/wp-content\/uploads\/2025\/07\/Taekwondo-Pau-836-1066x1600.jpg 1066w, https:\/\/nenedemo.ovh\/TAEKWORPRESS\/wp-content\/uploads\/2025\/07\/Taekwondo-Pau-836-200x300.jpg 200w, https:\/\/nenedemo.ovh\/TAEKWORPRESS\/wp-content\/uploads\/2025\/07\/Taekwondo-Pau-836-768x1153.jpg 768w, https:\/\/nenedemo.ovh\/TAEKWORPRESS\/wp-content\/uploads\/2025\/07\/Taekwondo-Pau-836-1023x1536.jpg 1023w, https:\/\/nenedemo.ovh\/TAEKWORPRESS\/wp-content\/uploads\/2025\/07\/Taekwondo-Pau-836-1364x2048.jpg 1364w, https:\/\/nenedemo.ovh\/TAEKWORPRESS\/wp-content\/uploads\/2025\/07\/Taekwondo-Pau-836-scaled.jpg 1705w\" sizes=\"auto, (max-width: 1066px) 100vw, 1066px\" \/><\/figure>\n\n\n\n<figure class=\"wp-block-image size-large\"><img loading=\"lazy\" decoding=\"async\" width=\"1066\" height=\"1600\" data-id=\"2228\" src=\"https:\/\/nenedemo.ovh\/TAEKWORPRESS\/wp-content\/uploads\/2025\/07\/Taekwondo-Pau-823-1066x1600.jpg\" alt=\"\" class=\"wp-image-2228\" srcset=\"https:\/\/nenedemo.ovh\/TAEKWORPRESS\/wp-content\/uploads\/2025\/07\/Taekwondo-Pau-823-1066x1600.jpg 1066w, https:\/\/nenedemo.ovh\/TAEKWORPRESS\/wp-content\/uploads\/2025\/07\/Taekwondo-Pau-823-200x300.jpg 200w, https:\/\/nenedemo.ovh\/TAEKWORPRESS\/wp-content\/uploads\/2025\/07\/Taekwondo-Pau-823-768x1153.jpg 768w, https:\/\/nenedemo.ovh\/TAEKWORPRESS\/wp-content\/uploads\/2025\/07\/Taekwondo-Pau-823-1023x1536.jpg 1023w, https:\/\/nenedemo.ovh\/TAEKWORPRESS\/wp-content\/uploads\/2025\/07\/Taekwondo-Pau-823-1364x2048.jpg 1364w, https:\/\/nenedemo.ovh\/TAEKWORPRESS\/wp-content\/uploads\/2025\/07\/Taekwondo-Pau-823.jpg 1609w\" sizes=\"auto, (max-width: 1066px) 100vw, 1066px\" \/><\/figure>\n<\/figure>\n\n\n\n<figure class=\"wp-block-gallery has-nested-images columns-default is-cropped wp-block-gallery-4 is-layout-flex wp-block-gallery-is-layout-flex\">\n<figure class=\"wp-block-image size-large\"><img loading=\"lazy\" decoding=\"async\" width=\"1066\" height=\"1600\" data-id=\"2232\" src=\"https:\/\/nenedemo.ovh\/TAEKWORPRESS\/wp-content\/uploads\/2025\/07\/Taekwondo-Pau-560-1066x1600.jpg\" alt=\"\" class=\"wp-image-2232\" srcset=\"https:\/\/nenedemo.ovh\/TAEKWORPRESS\/wp-content\/uploads\/2025\/07\/Taekwondo-Pau-560-1066x1600.jpg 1066w, https:\/\/nenedemo.ovh\/TAEKWORPRESS\/wp-content\/uploads\/2025\/07\/Taekwondo-Pau-560-200x300.jpg 200w, https:\/\/nenedemo.ovh\/TAEKWORPRESS\/wp-content\/uploads\/2025\/07\/Taekwondo-Pau-560-768x1153.jpg 768w, https:\/\/nenedemo.ovh\/TAEKWORPRESS\/wp-content\/uploads\/2025\/07\/Taekwondo-Pau-560-1023x1536.jpg 1023w, https:\/\/nenedemo.ovh\/TAEKWORPRESS\/wp-content\/uploads\/2025\/07\/Taekwondo-Pau-560-1364x2048.jpg 1364w, https:\/\/nenedemo.ovh\/TAEKWORPRESS\/wp-content\/uploads\/2025\/07\/Taekwondo-Pau-560-scaled.jpg 1705w\" sizes=\"auto, (max-width: 1066px) 100vw, 1066px\" \/><\/figure>\n\n\n\n<figure class=\"wp-block-image size-large\"><img loading=\"lazy\" decoding=\"async\" width=\"1065\" height=\"1600\" data-id=\"2231\" src=\"https:\/\/nenedemo.ovh\/TAEKWORPRESS\/wp-content\/uploads\/2025\/07\/Taekwondo-Pau-580-1065x1600.jpg\" alt=\"\" class=\"wp-image-2231\" srcset=\"https:\/\/nenedemo.ovh\/TAEKWORPRESS\/wp-content\/uploads\/2025\/07\/Taekwondo-Pau-580-1065x1600.jpg 1065w, https:\/\/nenedemo.ovh\/TAEKWORPRESS\/wp-content\/uploads\/2025\/07\/Taekwondo-Pau-580-200x300.jpg 200w, https:\/\/nenedemo.ovh\/TAEKWORPRESS\/wp-content\/uploads\/2025\/07\/Taekwondo-Pau-580-768x1153.jpg 768w, https:\/\/nenedemo.ovh\/TAEKWORPRESS\/wp-content\/uploads\/2025\/07\/Taekwondo-Pau-580-1023x1536.jpg 1023w, https:\/\/nenedemo.ovh\/TAEKWORPRESS\/wp-content\/uploads\/2025\/07\/Taekwondo-Pau-580-1364x2048.jpg 1364w, https:\/\/nenedemo.ovh\/TAEKWORPRESS\/wp-content\/uploads\/2025\/07\/Taekwondo-Pau-580.jpg 1511w\" sizes=\"auto, (max-width: 1065px) 100vw, 1065px\" \/><\/figure>\n\n\n\n<figure class=\"wp-block-image size-large\"><img loading=\"lazy\" decoding=\"async\" width=\"1066\" height=\"1600\" data-id=\"2230\" src=\"https:\/\/nenedemo.ovh\/TAEKWORPRESS\/wp-content\/uploads\/2025\/07\/Taekwondo-Pau-1014-1066x1600.jpg\" alt=\"\" class=\"wp-image-2230\" srcset=\"https:\/\/nenedemo.ovh\/TAEKWORPRESS\/wp-content\/uploads\/2025\/07\/Taekwondo-Pau-1014-1066x1600.jpg 1066w, https:\/\/nenedemo.ovh\/TAEKWORPRESS\/wp-content\/uploads\/2025\/07\/Taekwondo-Pau-1014-200x300.jpg 200w, https:\/\/nenedemo.ovh\/TAEKWORPRESS\/wp-content\/uploads\/2025\/07\/Taekwondo-Pau-1014-768x1153.jpg 768w, https:\/\/nenedemo.ovh\/TAEKWORPRESS\/wp-content\/uploads\/2025\/07\/Taekwondo-Pau-1014-1023x1536.jpg 1023w, https:\/\/nenedemo.ovh\/TAEKWORPRESS\/wp-content\/uploads\/2025\/07\/Taekwondo-Pau-1014-1364x2048.jpg 1364w, https:\/\/nenedemo.ovh\/TAEKWORPRESS\/wp-content\/uploads\/2025\/07\/Taekwondo-Pau-1014-scaled.jpg 1705w\" sizes=\"auto, (max-width: 1066px) 100vw, 1066px\" \/><\/figure>\n<\/figure>\n\n\n\n<figure class=\"wp-block-gallery has-nested-images columns-default is-cropped wp-block-gallery-5 is-layout-flex wp-block-gallery-is-layout-flex\">\n<figure class=\"wp-block-image size-large\"><img loading=\"lazy\" decoding=\"async\" width=\"1600\" height=\"1066\" data-id=\"2234\" src=\"https:\/\/nenedemo.ovh\/TAEKWORPRESS\/wp-content\/uploads\/2025\/07\/Taekwondo-Pau-966-1600x1066.jpg\" alt=\"\" class=\"wp-image-2234\" srcset=\"https:\/\/nenedemo.ovh\/TAEKWORPRESS\/wp-content\/uploads\/2025\/07\/Taekwondo-Pau-966-1600x1066.jpg 1600w, https:\/\/nenedemo.ovh\/TAEKWORPRESS\/wp-content\/uploads\/2025\/07\/Taekwondo-Pau-966-300x200.jpg 300w, https:\/\/nenedemo.ovh\/TAEKWORPRESS\/wp-content\/uploads\/2025\/07\/Taekwondo-Pau-966-768x512.jpg 768w, https:\/\/nenedemo.ovh\/TAEKWORPRESS\/wp-content\/uploads\/2025\/07\/Taekwondo-Pau-966-1536x1023.jpg 1536w, https:\/\/nenedemo.ovh\/TAEKWORPRESS\/wp-content\/uploads\/2025\/07\/Taekwondo-Pau-966-2048x1364.jpg 2048w\" sizes=\"auto, (max-width: 1600px) 100vw, 1600px\" \/><\/figure>\n\n\n\n<figure class=\"wp-block-image size-large\"><img loading=\"lazy\" decoding=\"async\" width=\"1600\" height=\"1066\" data-id=\"2233\" src=\"https:\/\/nenedemo.ovh\/TAEKWORPRESS\/wp-content\/uploads\/2025\/07\/Taekwondo-Pau-976-1600x1066.jpg\" alt=\"\" class=\"wp-image-2233\" srcset=\"https:\/\/nenedemo.ovh\/TAEKWORPRESS\/wp-content\/uploads\/2025\/07\/Taekwondo-Pau-976-1600x1066.jpg 1600w, https:\/\/nenedemo.ovh\/TAEKWORPRESS\/wp-content\/uploads\/2025\/07\/Taekwondo-Pau-976-300x200.jpg 300w, https:\/\/nenedemo.ovh\/TAEKWORPRESS\/wp-content\/uploads\/2025\/07\/Taekwondo-Pau-976-768x512.jpg 768w, https:\/\/nenedemo.ovh\/TAEKWORPRESS\/wp-content\/uploads\/2025\/07\/Taekwondo-Pau-976-1536x1023.jpg 1536w, https:\/\/nenedemo.ovh\/TAEKWORPRESS\/wp-content\/uploads\/2025\/07\/Taekwondo-Pau-976-2048x1364.jpg 2048w\" sizes=\"auto, (max-width: 1600px) 100vw, 1600px\" \/><\/figure>\n<\/figure>\n\n\n\n<figure class=\"wp-block-gallery has-nested-images columns-default is-cropped wp-block-gallery-6 is-layout-flex wp-block-gallery-is-layout-flex\">\n<figure class=\"wp-block-image size-large\"><img loading=\"lazy\" decoding=\"async\" width=\"523\" height=\"788\" data-id=\"2240\" src=\"https:\/\/nenedemo.ovh\/TAEKWORPRESS\/wp-content\/uploads\/2025\/07\/Capture118.png\" alt=\"\" class=\"wp-image-2240\" srcset=\"https:\/\/nenedemo.ovh\/TAEKWORPRESS\/wp-content\/uploads\/2025\/07\/Capture118.png 523w, https:\/\/nenedemo.ovh\/TAEKWORPRESS\/wp-content\/uploads\/2025\/07\/Capture118-199x300.png 199w\" sizes=\"auto, (max-width: 523px) 100vw, 523px\" \/><\/figure>\n\n\n\n<figure class=\"wp-block-image size-large\"><img loading=\"lazy\" decoding=\"async\" width=\"524\" height=\"784\" data-id=\"2239\" src=\"https:\/\/nenedemo.ovh\/TAEKWORPRESS\/wp-content\/uploads\/2025\/07\/Capture119.png\" alt=\"\" class=\"wp-image-2239\" srcset=\"https:\/\/nenedemo.ovh\/TAEKWORPRESS\/wp-content\/uploads\/2025\/07\/Capture119.png 524w, https:\/\/nenedemo.ovh\/TAEKWORPRESS\/wp-content\/uploads\/2025\/07\/Capture119-201x300.png 201w\" sizes=\"auto, (max-width: 524px) 100vw, 524px\" \/><\/figure>\n\n\n\n<figure class=\"wp-block-image size-large\"><img loading=\"lazy\" decoding=\"async\" width=\"520\" height=\"784\" data-id=\"2241\" src=\"https:\/\/nenedemo.ovh\/TAEKWORPRESS\/wp-content\/uploads\/2025\/07\/Capture228.png\" alt=\"\" class=\"wp-image-2241\" srcset=\"https:\/\/nenedemo.ovh\/TAEKWORPRESS\/wp-content\/uploads\/2025\/07\/Capture228.png 520w, https:\/\/nenedemo.ovh\/TAEKWORPRESS\/wp-content\/uploads\/2025\/07\/Capture228-199x300.png 199w\" sizes=\"auto, (max-width: 520px) 100vw, 520px\" \/><\/figure>\n<\/figure>\n","protected":false},"excerpt":{"rendered":"<p>\ud83e\udd4b Le 14 juin, le passage de grade des enfants et adultes du club ASM Taekwondo Pau s\u2019est d\u00e9roul\u00e9 dans une ambiance \u00e0 la fois solennelle et chaleureuse, marquant l\u2019aboutissement d\u2019un travail men\u00e9 tout au long de la saison 2024-2025. Ce rendez-vous important a permis de valoriser les progr\u00e8s r\u00e9alis\u00e9s tout au long de l\u2019ann\u00e9e, &hellip; <\/p>\n<div class=\"link-more\"><a href=\"https:\/\/nenedemo.ovh\/TAEKWORPRESS\/?p=2220\" class=\"more-link\">Read More<span class=\"screen-reader-text\"> &#8220;Passage de grade 2025&#8221;<\/span><\/a><\/div>\n","protected":false},"author":3,"featured_media":0,"comment_status":"open","ping_status":"open","sticky":false,"template":"","format":"standard","meta":{"footnotes":""},"categories":[1],"tags":[],"class_list":["post-2220","post","type-post","status-publish","format-standard","hentry","category-taekwondo"],"yoast_head":"<!-- This site is optimized with the Yoast SEO plugin v22.8 - https:\/\/yoast.com\/wordpress\/plugins\/seo\/ -->\n<title>Passage de grade 2025 - ASM TAEKWONDO PAU<\/title>\n<meta name=\"description\" content=\"Le 14 juin, le passage de grade des enfants et adultes du club ASM Taekwondo Pau s\u2019est d\u00e9roul\u00e9 dans une ambiance \u00e0 la fois solennelle et chaleureuse, marquant l\u2019aboutissement d\u2019un travail men\u00e9 tout au long de la saison 2024-2025. Ce rendez-vous important a permis de valoriser les progr\u00e8s r\u00e9alis\u00e9s tout au long de l\u2019ann\u00e9e, dans un esprit d\u2019encouragement, de discipline et d\u2019\u00e9coute.\" \/>\n<meta name=\"robots\" content=\"index, follow, max-snippet:-1, max-image-preview:large, max-video-preview:-1\" \/>\n<link rel=\"canonical\" href=\"https:\/\/nenedemo.ovh\/TAEKWORPRESS\/?p=2220\" \/>\n<meta property=\"og:locale\" content=\"fr_FR\" \/>\n<meta property=\"og:type\" content=\"article\" \/>\n<meta property=\"og:title\" content=\"Passage de grade 2025 - ASM TAEKWONDO PAU\" \/>\n<meta property=\"og:description\" content=\"Le 14 juin, le passage de grade des enfants et adultes du club ASM Taekwondo Pau s\u2019est d\u00e9roul\u00e9 dans une ambiance \u00e0 la fois solennelle et chaleureuse, marquant l\u2019aboutissement d\u2019un travail men\u00e9 tout au long de la saison 2024-2025. Ce rendez-vous important a permis de valoriser les progr\u00e8s r\u00e9alis\u00e9s tout au long de l\u2019ann\u00e9e, dans un esprit d\u2019encouragement, de discipline et d\u2019\u00e9coute.\" \/>\n<meta property=\"og:url\" content=\"https:\/\/nenedemo.ovh\/TAEKWORPRESS\/?p=2220\" \/>\n<meta property=\"og:site_name\" content=\"ASM TAEKWONDO PAU\" \/>\n<meta property=\"article:publisher\" content=\"https:\/\/www.facebook.com\/groups\/210021564364\/\" \/>\n<meta property=\"article:published_time\" content=\"2025-07-20T16:15:48+00:00\" \/>\n<meta property=\"article:modified_time\" content=\"2025-07-20T17:03:08+00:00\" \/>\n<meta property=\"og:image\" content=\"https:\/\/nenedemo.ovh\/TAEKWORPRESS\/wp-content\/uploads\/2025\/07\/Taekwondo-Pau-1020-1600x770.jpg\" \/>\n<meta name=\"author\" content=\"Webmaster\" \/>\n<meta name=\"twitter:card\" content=\"summary_large_image\" \/>\n<meta name=\"twitter:label1\" content=\"\u00c9crit par\" \/>\n\t<meta name=\"twitter:data1\" content=\"Webmaster\" \/>\n\t<meta name=\"twitter:label2\" content=\"Dur\u00e9e de lecture estim\u00e9e\" \/>\n\t<meta name=\"twitter:data2\" content=\"5 minutes\" \/>\n<script type=\"application\/ld+json\" class=\"yoast-schema-graph\">{\"@context\":\"https:\/\/schema.org\",\"@graph\":[{\"@type\":\"Article\",\"@id\":\"https:\/\/nenedemo.ovh\/TAEKWORPRESS\/?p=2220#article\",\"isPartOf\":{\"@id\":\"https:\/\/nenedemo.ovh\/TAEKWORPRESS\/?p=2220\"},\"author\":{\"name\":\"Webmaster\",\"@id\":\"https:\/\/nenedemo.ovh\/TAEKWORPRESS\/#\/schema\/person\/f7d9fc6a830f7601e81cdc2f1e700b8c\"},\"headline\":\"Passage de grade 2025\",\"datePublished\":\"2025-07-20T16:15:48+00:00\",\"dateModified\":\"2025-07-20T17:03:08+00:00\",\"mainEntityOfPage\":{\"@id\":\"https:\/\/nenedemo.ovh\/TAEKWORPRESS\/?p=2220\"},\"wordCount\":411,\"commentCount\":0,\"publisher\":{\"@id\":\"https:\/\/nenedemo.ovh\/TAEKWORPRESS\/#organization\"},\"image\":{\"@id\":\"https:\/\/nenedemo.ovh\/TAEKWORPRESS\/?p=2220#primaryimage\"},\"thumbnailUrl\":\"https:\/\/nenedemo.ovh\/TAEKWORPRESS\/wp-content\/uploads\/2025\/07\/Taekwondo-Pau-1020-1600x770.jpg\",\"articleSection\":[\"TAEKWONDO\"],\"inLanguage\":\"fr-FR\",\"potentialAction\":[{\"@type\":\"CommentAction\",\"name\":\"Comment\",\"target\":[\"https:\/\/nenedemo.ovh\/TAEKWORPRESS\/?p=2220#respond\"]}]},{\"@type\":\"WebPage\",\"@id\":\"https:\/\/nenedemo.ovh\/TAEKWORPRESS\/?p=2220\",\"url\":\"https:\/\/nenedemo.ovh\/TAEKWORPRESS\/?p=2220\",\"name\":\"Passage de grade 2025 - ASM TAEKWONDO PAU\",\"isPartOf\":{\"@id\":\"https:\/\/nenedemo.ovh\/TAEKWORPRESS\/#website\"},\"primaryImageOfPage\":{\"@id\":\"https:\/\/nenedemo.ovh\/TAEKWORPRESS\/?p=2220#primaryimage\"},\"image\":{\"@id\":\"https:\/\/nenedemo.ovh\/TAEKWORPRESS\/?p=2220#primaryimage\"},\"thumbnailUrl\":\"https:\/\/nenedemo.ovh\/TAEKWORPRESS\/wp-content\/uploads\/2025\/07\/Taekwondo-Pau-1020-1600x770.jpg\",\"datePublished\":\"2025-07-20T16:15:48+00:00\",\"dateModified\":\"2025-07-20T17:03:08+00:00\",\"description\":\"Le 14 juin, le passage de grade des enfants et adultes du club ASM Taekwondo Pau s\u2019est d\u00e9roul\u00e9 dans une ambiance \u00e0 la fois solennelle et chaleureuse, marquant l\u2019aboutissement d\u2019un travail men\u00e9 tout au long de la saison 2024-2025. Ce rendez-vous important a permis de valoriser les progr\u00e8s r\u00e9alis\u00e9s tout au long de l\u2019ann\u00e9e, dans un esprit d\u2019encouragement, de discipline et d\u2019\u00e9coute.\",\"breadcrumb\":{\"@id\":\"https:\/\/nenedemo.ovh\/TAEKWORPRESS\/?p=2220#breadcrumb\"},\"inLanguage\":\"fr-FR\",\"potentialAction\":[{\"@type\":\"ReadAction\",\"target\":[\"https:\/\/nenedemo.ovh\/TAEKWORPRESS\/?p=2220\"]}]},{\"@type\":\"ImageObject\",\"inLanguage\":\"fr-FR\",\"@id\":\"https:\/\/nenedemo.ovh\/TAEKWORPRESS\/?p=2220#primaryimage\",\"url\":\"https:\/\/nenedemo.ovh\/TAEKWORPRESS\/wp-content\/uploads\/2025\/07\/Taekwondo-Pau-1020-scaled.jpg\",\"contentUrl\":\"https:\/\/nenedemo.ovh\/TAEKWORPRESS\/wp-content\/uploads\/2025\/07\/Taekwondo-Pau-1020-scaled.jpg\",\"width\":2560,\"height\":1232},{\"@type\":\"BreadcrumbList\",\"@id\":\"https:\/\/nenedemo.ovh\/TAEKWORPRESS\/?p=2220#breadcrumb\",\"itemListElement\":[{\"@type\":\"ListItem\",\"position\":1,\"name\":\"Accueil\",\"item\":\"https:\/\/nenedemo.ovh\/TAEKWORPRESS\/\"},{\"@type\":\"ListItem\",\"position\":2,\"name\":\"Passage de grade 2025\"}]},{\"@type\":\"WebSite\",\"@id\":\"https:\/\/nenedemo.ovh\/TAEKWORPRESS\/#website\",\"url\":\"https:\/\/nenedemo.ovh\/TAEKWORPRESS\/\",\"name\":\"A.S.M. TAEKWONDO PAU\",\"description\":\"Association Sportive Municipale de Pau\",\"publisher\":{\"@id\":\"https:\/\/nenedemo.ovh\/TAEKWORPRESS\/#organization\"},\"potentialAction\":[{\"@type\":\"SearchAction\",\"target\":{\"@type\":\"EntryPoint\",\"urlTemplate\":\"https:\/\/nenedemo.ovh\/TAEKWORPRESS\/?s={search_term_string}\"},\"query-input\":\"required name=search_term_string\"}],\"inLanguage\":\"fr-FR\"},{\"@type\":\"Organization\",\"@id\":\"https:\/\/nenedemo.ovh\/TAEKWORPRESS\/#organization\",\"name\":\"Association Sportive Municipale de Pau\",\"url\":\"https:\/\/nenedemo.ovh\/TAEKWORPRESS\/\",\"logo\":{\"@type\":\"ImageObject\",\"inLanguage\":\"fr-FR\",\"@id\":\"https:\/\/nenedemo.ovh\/TAEKWORPRESS\/#\/schema\/logo\/image\/\",\"url\":\"https:\/\/nenedemo.ovh\/TAEKWORPRESS\/wp-content\/uploads\/2023\/08\/cropped-LOGO_FINAL_ASM-1.png\",\"contentUrl\":\"https:\/\/nenedemo.ovh\/TAEKWORPRESS\/wp-content\/uploads\/2023\/08\/cropped-LOGO_FINAL_ASM-1.png\",\"width\":250,\"height\":250,\"caption\":\"Association Sportive Municipale de Pau\"},\"image\":{\"@id\":\"https:\/\/nenedemo.ovh\/TAEKWORPRESS\/#\/schema\/logo\/image\/\"},\"sameAs\":[\"https:\/\/www.facebook.com\/groups\/210021564364\/\"]},{\"@type\":\"Person\",\"@id\":\"https:\/\/nenedemo.ovh\/TAEKWORPRESS\/#\/schema\/person\/f7d9fc6a830f7601e81cdc2f1e700b8c\",\"name\":\"Webmaster\",\"image\":{\"@type\":\"ImageObject\",\"inLanguage\":\"fr-FR\",\"@id\":\"https:\/\/nenedemo.ovh\/TAEKWORPRESS\/#\/schema\/person\/image\/\",\"url\":\"https:\/\/secure.gravatar.com\/avatar\/71e1a269f6018dbbc718c1eb7a6883d60da01cb91265b667eda661b7f77aa06b?s=96&d=mm&r=g\",\"contentUrl\":\"https:\/\/secure.gravatar.com\/avatar\/71e1a269f6018dbbc718c1eb7a6883d60da01cb91265b667eda661b7f77aa06b?s=96&d=mm&r=g\",\"caption\":\"Webmaster\"},\"url\":\"https:\/\/nenedemo.ovh\/TAEKWORPRESS\/?author=3\"}]}<\/script>\n<!-- \/ Yoast SEO plugin. -->","yoast_head_json":{"title":"Passage de grade 2025 - ASM TAEKWONDO PAU","description":"Le 14 juin, le passage de grade des enfants et adultes du club ASM Taekwondo Pau s\u2019est d\u00e9roul\u00e9 dans une ambiance \u00e0 la fois solennelle et chaleureuse, marquant l\u2019aboutissement d\u2019un travail men\u00e9 tout au long de la saison 2024-2025. Ce rendez-vous important a permis de valoriser les progr\u00e8s r\u00e9alis\u00e9s tout au long de l\u2019ann\u00e9e, dans un esprit d\u2019encouragement, de discipline et d\u2019\u00e9coute.","robots":{"index":"index","follow":"follow","max-snippet":"max-snippet:-1","max-image-preview":"max-image-preview:large","max-video-preview":"max-video-preview:-1"},"canonical":"https:\/\/nenedemo.ovh\/TAEKWORPRESS\/?p=2220","og_locale":"fr_FR","og_type":"article","og_title":"Passage de grade 2025 - ASM TAEKWONDO PAU","og_description":"Le 14 juin, le passage de grade des enfants et adultes du club ASM Taekwondo Pau s\u2019est d\u00e9roul\u00e9 dans une ambiance \u00e0 la fois solennelle et chaleureuse, marquant l\u2019aboutissement d\u2019un travail men\u00e9 tout au long de la saison 2024-2025. Ce rendez-vous important a permis de valoriser les progr\u00e8s r\u00e9alis\u00e9s tout au long de l\u2019ann\u00e9e, dans un esprit d\u2019encouragement, de discipline et d\u2019\u00e9coute.","og_url":"https:\/\/nenedemo.ovh\/TAEKWORPRESS\/?p=2220","og_site_name":"ASM TAEKWONDO PAU","article_publisher":"https:\/\/www.facebook.com\/groups\/210021564364\/","article_published_time":"2025-07-20T16:15:48+00:00","article_modified_time":"2025-07-20T17:03:08+00:00","og_image":[{"url":"https:\/\/nenedemo.ovh\/TAEKWORPRESS\/wp-content\/uploads\/2025\/07\/Taekwondo-Pau-1020-1600x770.jpg"}],"author":"Webmaster","twitter_card":"summary_large_image","twitter_misc":{"\u00c9crit par":"Webmaster","Dur\u00e9e de lecture estim\u00e9e":"5 minutes"},"schema":{"@context":"https:\/\/schema.org","@graph":[{"@type":"Article","@id":"https:\/\/nenedemo.ovh\/TAEKWORPRESS\/?p=2220#article","isPartOf":{"@id":"https:\/\/nenedemo.ovh\/TAEKWORPRESS\/?p=2220"},"author":{"name":"Webmaster","@id":"https:\/\/nenedemo.ovh\/TAEKWORPRESS\/#\/schema\/person\/f7d9fc6a830f7601e81cdc2f1e700b8c"},"headline":"Passage de grade 2025","datePublished":"2025-07-20T16:15:48+00:00","dateModified":"2025-07-20T17:03:08+00:00","mainEntityOfPage":{"@id":"https:\/\/nenedemo.ovh\/TAEKWORPRESS\/?p=2220"},"wordCount":411,"commentCount":0,"publisher":{"@id":"https:\/\/nenedemo.ovh\/TAEKWORPRESS\/#organization"},"image":{"@id":"https:\/\/nenedemo.ovh\/TAEKWORPRESS\/?p=2220#primaryimage"},"thumbnailUrl":"https:\/\/nenedemo.ovh\/TAEKWORPRESS\/wp-content\/uploads\/2025\/07\/Taekwondo-Pau-1020-1600x770.jpg","articleSection":["TAEKWONDO"],"inLanguage":"fr-FR","potentialAction":[{"@type":"CommentAction","name":"Comment","target":["https:\/\/nenedemo.ovh\/TAEKWORPRESS\/?p=2220#respond"]}]},{"@type":"WebPage","@id":"https:\/\/nenedemo.ovh\/TAEKWORPRESS\/?p=2220","url":"https:\/\/nenedemo.ovh\/TAEKWORPRESS\/?p=2220","name":"Passage de grade 2025 - ASM TAEKWONDO PAU","isPartOf":{"@id":"https:\/\/nenedemo.ovh\/TAEKWORPRESS\/#website"},"primaryImageOfPage":{"@id":"https:\/\/nenedemo.ovh\/TAEKWORPRESS\/?p=2220#primaryimage"},"image":{"@id":"https:\/\/nenedemo.ovh\/TAEKWORPRESS\/?p=2220#primaryimage"},"thumbnailUrl":"https:\/\/nenedemo.ovh\/TAEKWORPRESS\/wp-content\/uploads\/2025\/07\/Taekwondo-Pau-1020-1600x770.jpg","datePublished":"2025-07-20T16:15:48+00:00","dateModified":"2025-07-20T17:03:08+00:00","description":"Le 14 juin, le passage de grade des enfants et adultes du club ASM Taekwondo Pau s\u2019est d\u00e9roul\u00e9 dans une ambiance \u00e0 la fois solennelle et chaleureuse, marquant l\u2019aboutissement d\u2019un travail men\u00e9 tout au long de la saison 2024-2025. Ce rendez-vous important a permis de valoriser les progr\u00e8s r\u00e9alis\u00e9s tout au long de l\u2019ann\u00e9e, dans un esprit d\u2019encouragement, de discipline et d\u2019\u00e9coute.","breadcrumb":{"@id":"https:\/\/nenedemo.ovh\/TAEKWORPRESS\/?p=2220#breadcrumb"},"inLanguage":"fr-FR","potentialAction":[{"@type":"ReadAction","target":["https:\/\/nenedemo.ovh\/TAEKWORPRESS\/?p=2220"]}]},{"@type":"ImageObject","inLanguage":"fr-FR","@id":"https:\/\/nenedemo.ovh\/TAEKWORPRESS\/?p=2220#primaryimage","url":"https:\/\/nenedemo.ovh\/TAEKWORPRESS\/wp-content\/uploads\/2025\/07\/Taekwondo-Pau-1020-scaled.jpg","contentUrl":"https:\/\/nenedemo.ovh\/TAEKWORPRESS\/wp-content\/uploads\/2025\/07\/Taekwondo-Pau-1020-scaled.jpg","width":2560,"height":1232},{"@type":"BreadcrumbList","@id":"https:\/\/nenedemo.ovh\/TAEKWORPRESS\/?p=2220#breadcrumb","itemListElement":[{"@type":"ListItem","position":1,"name":"Accueil","item":"https:\/\/nenedemo.ovh\/TAEKWORPRESS\/"},{"@type":"ListItem","position":2,"name":"Passage de grade 2025"}]},{"@type":"WebSite","@id":"https:\/\/nenedemo.ovh\/TAEKWORPRESS\/#website","url":"https:\/\/nenedemo.ovh\/TAEKWORPRESS\/","name":"A.S.M. TAEKWONDO PAU","description":"Association Sportive Municipale de Pau","publisher":{"@id":"https:\/\/nenedemo.ovh\/TAEKWORPRESS\/#organization"},"potentialAction":[{"@type":"SearchAction","target":{"@type":"EntryPoint","urlTemplate":"https:\/\/nenedemo.ovh\/TAEKWORPRESS\/?s={search_term_string}"},"query-input":"required name=search_term_string"}],"inLanguage":"fr-FR"},{"@type":"Organization","@id":"https:\/\/nenedemo.ovh\/TAEKWORPRESS\/#organization","name":"Association Sportive Municipale de Pau","url":"https:\/\/nenedemo.ovh\/TAEKWORPRESS\/","logo":{"@type":"ImageObject","inLanguage":"fr-FR","@id":"https:\/\/nenedemo.ovh\/TAEKWORPRESS\/#\/schema\/logo\/image\/","url":"https:\/\/nenedemo.ovh\/TAEKWORPRESS\/wp-content\/uploads\/2023\/08\/cropped-LOGO_FINAL_ASM-1.png","contentUrl":"https:\/\/nenedemo.ovh\/TAEKWORPRESS\/wp-content\/uploads\/2023\/08\/cropped-LOGO_FINAL_ASM-1.png","width":250,"height":250,"caption":"Association Sportive Municipale de Pau"},"image":{"@id":"https:\/\/nenedemo.ovh\/TAEKWORPRESS\/#\/schema\/logo\/image\/"},"sameAs":["https:\/\/www.facebook.com\/groups\/210021564364\/"]},{"@type":"Person","@id":"https:\/\/nenedemo.ovh\/TAEKWORPRESS\/#\/schema\/person\/f7d9fc6a830f7601e81cdc2f1e700b8c","name":"Webmaster","image":{"@type":"ImageObject","inLanguage":"fr-FR","@id":"https:\/\/nenedemo.ovh\/TAEKWORPRESS\/#\/schema\/person\/image\/","url":"https:\/\/secure.gravatar.com\/avatar\/71e1a269f6018dbbc718c1eb7a6883d60da01cb91265b667eda661b7f77aa06b?s=96&d=mm&r=g","contentUrl":"https:\/\/secure.gravatar.com\/avatar\/71e1a269f6018dbbc718c1eb7a6883d60da01cb91265b667eda661b7f77aa06b?s=96&d=mm&r=g","caption":"Webmaster"},"url":"https:\/\/nenedemo.ovh\/TAEKWORPRESS\/?author=3"}]}},"_links":{"self":[{"href":"https:\/\/nenedemo.ovh\/TAEKWORPRESS\/index.php?rest_route=\/wp\/v2\/posts\/2220","targetHints":{"allow":["GET"]}}],"collection":[{"href":"https:\/\/nenedemo.ovh\/TAEKWORPRESS\/index.php?rest_route=\/wp\/v2\/posts"}],"about":[{"href":"https:\/\/nenedemo.ovh\/TAEKWORPRESS\/index.php?rest_route=\/wp\/v2\/types\/post"}],"author":[{"embeddable":true,"href":"https:\/\/nenedemo.ovh\/TAEKWORPRESS\/index.php?rest_route=\/wp\/v2\/users\/3"}],"replies":[{"embeddable":true,"href":"https:\/\/nenedemo.ovh\/TAEKWORPRESS\/index.php?rest_route=%2Fwp%2Fv2%2Fcomments&post=2220"}],"version-history":[{"count":4,"href":"https:\/\/nenedemo.ovh\/TAEKWORPRESS\/index.php?rest_route=\/wp\/v2\/posts\/2220\/revisions"}],"predecessor-version":[{"id":2245,"href":"https:\/\/nenedemo.ovh\/TAEKWORPRESS\/index.php?rest_route=\/wp\/v2\/posts\/2220\/revisions\/2245"}],"wp:attachment":[{"href":"https:\/\/nenedemo.ovh\/TAEKWORPRESS\/index.php?rest_route=%2Fwp%2Fv2%2Fmedia&parent=2220"}],"wp:term":[{"taxonomy":"category","embeddable":true,"href":"https:\/\/nenedemo.ovh\/TAEKWORPRESS\/index.php?rest_route=%2Fwp%2Fv2%2Fcategories&post=2220"},{"taxonomy":"post_tag","embeddable":true,"href":"https:\/\/nenedemo.ovh\/TAEKWORPRESS\/index.php?rest_route=%2Fwp%2Fv2%2Ftags&post=2220"}],"curies":[{"name":"wp","href":"https:\/\/api.w.org\/{rel}","templated":true}]}}