{"id":2194,"date":"2025-07-20T17:25:01","date_gmt":"2025-07-20T15:25:01","guid":{"rendered":"https:\/\/nenedemo.ovh\/TAEKWORPRESS\/?p=2194"},"modified":"2025-08-26T09:59:53","modified_gmt":"2025-08-26T07:59:53","slug":"demonstration-de-taekwondo","status":"publish","type":"post","link":"https:\/\/nenedemo.ovh\/TAEKWORPRESS\/?p=2194","title":{"rendered":"D\u00e9monstration de Taekwondo"},"content":{"rendered":"\n<p>\ud83e\udd4b<mark style=\"background-color:rgba(0, 0, 0, 0)\" class=\"has-inline-color has-black-color\">Dans le prolongement des \u00e9v\u00e9nements de cl\u00f4ture de l\u2019ann\u00e9e 2025 \u00e0 ASM Taekwondo Pau, une d\u00e9monstration publique au c\u0153ur des valeurs du Taekwondo s\u2019est tenue le 14 juin au Gymnase Henri Lapuyade de Pau. Organis\u00e9e en pr\u00e9lude au passage de grade des enfants et des adultes, cette prestation a rendu un vibrant hommage \u00e0 la beaut\u00e9, la rigueur et la puissance du Taekwondo.<\/mark>\ud83d\udca5<\/p>\n\n\n\n<p><mark style=\"background-color:rgba(0, 0, 0, 0)\" class=\"has-inline-color has-black-color\">Les pratiquants, \u00e0 travers des encha\u00eenements rythm\u00e9s et harmonieux, ont exprim\u00e9 toute la discipline, la d\u00e9termination et l\u2019esprit d\u2019\u00e9quipe qui animent le club. Chaque coup de pied, chaque d\u00e9placement, chaque <em>kihap<\/em> (cri) a rappel\u00e9 que derri\u00e8re le geste se trouvent un cr\u00e9do fondamental et un serment partag\u00e9, piliers de l\u2019engagement martial.<\/mark>\ud83d\udcab<\/p>\n\n\n\n<p><mark style=\"background-color:rgba(0, 0, 0, 0)\" class=\"has-inline-color has-black-color\">La salle s\u2019est transform\u00e9e en une v\u00e9ritable sc\u00e8ne vivante, rythm\u00e9e par des d\u00e9monstrations spectaculaires : coups de pied acrobatiques, <em>poomsae<\/em> r\u00e9alis\u00e9s avec une pr\u00e9cision millim\u00e9tr\u00e9e, casses de planches saisissantes. Les applaudissements nourris du public ont soulign\u00e9 la qualit\u00e9 du travail accompli par les adh\u00e9rents tout au long de l\u2019ann\u00e9e.<\/mark>\ud83d\udc4f<\/p>\n\n\n\n<p><mark style=\"background-color:rgba(0, 0, 0, 0)\" class=\"has-inline-color has-black-color\">Bien plus qu\u2019un simple spectacle, cette journ\u00e9e a incarn\u00e9 l\u2019esprit du Taekwondo : <strong>respect, pers\u00e9v\u00e9rance, ma\u00eetrise de soi, loyaut\u00e9 et d\u00e9passement<\/strong>. De la technique pure \u00e0 la self-d\u00e9fense, en passant par la synchronisation collective, chaque s\u00e9quence a illustr\u00e9 la profonde coh\u00e9rence entre la pratique martiale et les valeurs \u00e9ducatives transmises \u00e0 chaque entra\u00eenement.<\/mark>\u2728<\/p>\n\n\n\n<p><mark style=\"background-color:rgba(0, 0, 0, 0)\" class=\"has-inline-color has-black-color\">Manifeste de l\u2019engagement du club sur son territoire, cette d\u00e9monstration a soulign\u00e9 la vitalit\u00e9 et le dynamisme de l\u2019ASM Taekwondo Pau. <a href=\"https:\/\/nenedemo.ovh\/TAEKWORPRESS\/?page_id=123\">Le rendez-vous est d\u2019ores et d\u00e9j\u00e0 pris pour la prochaine saison sportive<\/a> !<\/mark><\/p>\n\n\n\n<p>#Taekwondo #ASMtaekwondoPau #ArtsMartiaux #EspritMartial #Burger&#8217;sPhotos<\/p>\n\n\n\n<figure class=\"wp-block-gallery has-nested-images columns-default is-cropped wp-block-gallery-1 is-layout-flex wp-block-gallery-is-layout-flex\">\n<figure class=\"wp-block-image size-large\"><img loading=\"lazy\" decoding=\"async\" width=\"1600\" height=\"1066\" data-id=\"2195\" src=\"https:\/\/nenedemo.ovh\/TAEKWORPRESS\/wp-content\/uploads\/2025\/07\/Taekwondo-Pau-246-1600x1066.jpg\" alt=\"\" class=\"wp-image-2195\" srcset=\"https:\/\/nenedemo.ovh\/TAEKWORPRESS\/wp-content\/uploads\/2025\/07\/Taekwondo-Pau-246-1600x1066.jpg 1600w, https:\/\/nenedemo.ovh\/TAEKWORPRESS\/wp-content\/uploads\/2025\/07\/Taekwondo-Pau-246-300x200.jpg 300w, https:\/\/nenedemo.ovh\/TAEKWORPRESS\/wp-content\/uploads\/2025\/07\/Taekwondo-Pau-246-768x512.jpg 768w, https:\/\/nenedemo.ovh\/TAEKWORPRESS\/wp-content\/uploads\/2025\/07\/Taekwondo-Pau-246-1536x1023.jpg 1536w, https:\/\/nenedemo.ovh\/TAEKWORPRESS\/wp-content\/uploads\/2025\/07\/Taekwondo-Pau-246-2048x1364.jpg 2048w\" sizes=\"auto, (max-width: 1600px) 100vw, 1600px\" \/><\/figure>\n<\/figure>\n\n\n\n<figure class=\"wp-block-gallery has-nested-images columns-default is-cropped wp-block-gallery-2 is-layout-flex wp-block-gallery-is-layout-flex\">\n<figure class=\"wp-block-image size-large\"><img loading=\"lazy\" decoding=\"async\" width=\"526\" height=\"784\" data-id=\"2207\" src=\"https:\/\/nenedemo.ovh\/TAEKWORPRESS\/wp-content\/uploads\/2025\/07\/Capture29.png\" alt=\"\" class=\"wp-image-2207\" srcset=\"https:\/\/nenedemo.ovh\/TAEKWORPRESS\/wp-content\/uploads\/2025\/07\/Capture29.png 526w, https:\/\/nenedemo.ovh\/TAEKWORPRESS\/wp-content\/uploads\/2025\/07\/Capture29-201x300.png 201w\" sizes=\"auto, (max-width: 526px) 100vw, 526px\" \/><\/figure>\n\n\n\n<figure class=\"wp-block-image size-large\"><img loading=\"lazy\" decoding=\"async\" width=\"1066\" height=\"1600\" data-id=\"2210\" src=\"https:\/\/nenedemo.ovh\/TAEKWORPRESS\/wp-content\/uploads\/2025\/07\/Taekwondo-Pau-101-1-1066x1600.jpg\" alt=\"\" class=\"wp-image-2210\" srcset=\"https:\/\/nenedemo.ovh\/TAEKWORPRESS\/wp-content\/uploads\/2025\/07\/Taekwondo-Pau-101-1-1066x1600.jpg 1066w, https:\/\/nenedemo.ovh\/TAEKWORPRESS\/wp-content\/uploads\/2025\/07\/Taekwondo-Pau-101-1-200x300.jpg 200w, https:\/\/nenedemo.ovh\/TAEKWORPRESS\/wp-content\/uploads\/2025\/07\/Taekwondo-Pau-101-1-768x1153.jpg 768w, https:\/\/nenedemo.ovh\/TAEKWORPRESS\/wp-content\/uploads\/2025\/07\/Taekwondo-Pau-101-1-1023x1536.jpg 1023w, https:\/\/nenedemo.ovh\/TAEKWORPRESS\/wp-content\/uploads\/2025\/07\/Taekwondo-Pau-101-1-1364x2048.jpg 1364w, https:\/\/nenedemo.ovh\/TAEKWORPRESS\/wp-content\/uploads\/2025\/07\/Taekwondo-Pau-101-1-scaled.jpg 1705w\" sizes=\"auto, (max-width: 1066px) 100vw, 1066px\" \/><\/figure>\n\n\n\n<figure class=\"wp-block-image size-large\"><img loading=\"lazy\" decoding=\"async\" width=\"1066\" height=\"1600\" data-id=\"2204\" src=\"https:\/\/nenedemo.ovh\/TAEKWORPRESS\/wp-content\/uploads\/2025\/07\/Taekwondo-Pau-71-1066x1600.jpg\" alt=\"\" class=\"wp-image-2204\" srcset=\"https:\/\/nenedemo.ovh\/TAEKWORPRESS\/wp-content\/uploads\/2025\/07\/Taekwondo-Pau-71-1066x1600.jpg 1066w, https:\/\/nenedemo.ovh\/TAEKWORPRESS\/wp-content\/uploads\/2025\/07\/Taekwondo-Pau-71-200x300.jpg 200w, https:\/\/nenedemo.ovh\/TAEKWORPRESS\/wp-content\/uploads\/2025\/07\/Taekwondo-Pau-71-768x1153.jpg 768w, https:\/\/nenedemo.ovh\/TAEKWORPRESS\/wp-content\/uploads\/2025\/07\/Taekwondo-Pau-71-1023x1536.jpg 1023w, https:\/\/nenedemo.ovh\/TAEKWORPRESS\/wp-content\/uploads\/2025\/07\/Taekwondo-Pau-71-1364x2048.jpg 1364w, https:\/\/nenedemo.ovh\/TAEKWORPRESS\/wp-content\/uploads\/2025\/07\/Taekwondo-Pau-71-scaled.jpg 1705w\" sizes=\"auto, (max-width: 1066px) 100vw, 1066px\" \/><\/figure>\n\n\n\n<figure class=\"wp-block-image size-large\"><img loading=\"lazy\" decoding=\"async\" width=\"1066\" height=\"1600\" data-id=\"2206\" src=\"https:\/\/nenedemo.ovh\/TAEKWORPRESS\/wp-content\/uploads\/2025\/07\/Taekwondo-Pau-97-1066x1600.jpg\" alt=\"\" class=\"wp-image-2206\" srcset=\"https:\/\/nenedemo.ovh\/TAEKWORPRESS\/wp-content\/uploads\/2025\/07\/Taekwondo-Pau-97-1066x1600.jpg 1066w, https:\/\/nenedemo.ovh\/TAEKWORPRESS\/wp-content\/uploads\/2025\/07\/Taekwondo-Pau-97-200x300.jpg 200w, https:\/\/nenedemo.ovh\/TAEKWORPRESS\/wp-content\/uploads\/2025\/07\/Taekwondo-Pau-97-768x1153.jpg 768w, https:\/\/nenedemo.ovh\/TAEKWORPRESS\/wp-content\/uploads\/2025\/07\/Taekwondo-Pau-97-1023x1536.jpg 1023w, https:\/\/nenedemo.ovh\/TAEKWORPRESS\/wp-content\/uploads\/2025\/07\/Taekwondo-Pau-97-1364x2048.jpg 1364w, https:\/\/nenedemo.ovh\/TAEKWORPRESS\/wp-content\/uploads\/2025\/07\/Taekwondo-Pau-97-scaled.jpg 1705w\" sizes=\"auto, (max-width: 1066px) 100vw, 1066px\" \/><\/figure>\n\n\n\n<figure class=\"wp-block-image size-large\"><img loading=\"lazy\" decoding=\"async\" width=\"1066\" height=\"1600\" data-id=\"2211\" src=\"https:\/\/nenedemo.ovh\/TAEKWORPRESS\/wp-content\/uploads\/2025\/07\/Taekwondo-Pau-120-1-1066x1600.jpg\" alt=\"\" class=\"wp-image-2211\" srcset=\"https:\/\/nenedemo.ovh\/TAEKWORPRESS\/wp-content\/uploads\/2025\/07\/Taekwondo-Pau-120-1-1066x1600.jpg 1066w, https:\/\/nenedemo.ovh\/TAEKWORPRESS\/wp-content\/uploads\/2025\/07\/Taekwondo-Pau-120-1-200x300.jpg 200w, https:\/\/nenedemo.ovh\/TAEKWORPRESS\/wp-content\/uploads\/2025\/07\/Taekwondo-Pau-120-1-768x1153.jpg 768w, https:\/\/nenedemo.ovh\/TAEKWORPRESS\/wp-content\/uploads\/2025\/07\/Taekwondo-Pau-120-1-1023x1536.jpg 1023w, https:\/\/nenedemo.ovh\/TAEKWORPRESS\/wp-content\/uploads\/2025\/07\/Taekwondo-Pau-120-1-1364x2048.jpg 1364w, https:\/\/nenedemo.ovh\/TAEKWORPRESS\/wp-content\/uploads\/2025\/07\/Taekwondo-Pau-120-1-scaled.jpg 1705w\" sizes=\"auto, (max-width: 1066px) 100vw, 1066px\" \/><\/figure>\n\n\n\n<figure class=\"wp-block-image size-large\"><img loading=\"lazy\" decoding=\"async\" width=\"1066\" height=\"1600\" data-id=\"2212\" src=\"https:\/\/nenedemo.ovh\/TAEKWORPRESS\/wp-content\/uploads\/2025\/07\/Taekwondo-Pau-213-1-1066x1600.jpg\" alt=\"\" class=\"wp-image-2212\" srcset=\"https:\/\/nenedemo.ovh\/TAEKWORPRESS\/wp-content\/uploads\/2025\/07\/Taekwondo-Pau-213-1-1066x1600.jpg 1066w, https:\/\/nenedemo.ovh\/TAEKWORPRESS\/wp-content\/uploads\/2025\/07\/Taekwondo-Pau-213-1-200x300.jpg 200w, https:\/\/nenedemo.ovh\/TAEKWORPRESS\/wp-content\/uploads\/2025\/07\/Taekwondo-Pau-213-1-768x1153.jpg 768w, https:\/\/nenedemo.ovh\/TAEKWORPRESS\/wp-content\/uploads\/2025\/07\/Taekwondo-Pau-213-1-1023x1536.jpg 1023w, https:\/\/nenedemo.ovh\/TAEKWORPRESS\/wp-content\/uploads\/2025\/07\/Taekwondo-Pau-213-1-1364x2048.jpg 1364w, https:\/\/nenedemo.ovh\/TAEKWORPRESS\/wp-content\/uploads\/2025\/07\/Taekwondo-Pau-213-1-scaled.jpg 1705w\" sizes=\"auto, (max-width: 1066px) 100vw, 1066px\" \/><\/figure>\n\n\n\n<figure class=\"wp-block-image size-large\"><img loading=\"lazy\" decoding=\"async\" width=\"1066\" height=\"1600\" data-id=\"2213\" src=\"https:\/\/nenedemo.ovh\/TAEKWORPRESS\/wp-content\/uploads\/2025\/07\/Taekwondo-Pau-111-1-1066x1600.jpg\" alt=\"\" class=\"wp-image-2213\" srcset=\"https:\/\/nenedemo.ovh\/TAEKWORPRESS\/wp-content\/uploads\/2025\/07\/Taekwondo-Pau-111-1-1066x1600.jpg 1066w, https:\/\/nenedemo.ovh\/TAEKWORPRESS\/wp-content\/uploads\/2025\/07\/Taekwondo-Pau-111-1-200x300.jpg 200w, https:\/\/nenedemo.ovh\/TAEKWORPRESS\/wp-content\/uploads\/2025\/07\/Taekwondo-Pau-111-1-768x1153.jpg 768w, https:\/\/nenedemo.ovh\/TAEKWORPRESS\/wp-content\/uploads\/2025\/07\/Taekwondo-Pau-111-1-1023x1536.jpg 1023w, https:\/\/nenedemo.ovh\/TAEKWORPRESS\/wp-content\/uploads\/2025\/07\/Taekwondo-Pau-111-1-1364x2048.jpg 1364w, https:\/\/nenedemo.ovh\/TAEKWORPRESS\/wp-content\/uploads\/2025\/07\/Taekwondo-Pau-111-1-scaled.jpg 1705w\" sizes=\"auto, (max-width: 1066px) 100vw, 1066px\" \/><\/figure>\n\n\n\n<figure class=\"wp-block-image size-large\"><img loading=\"lazy\" decoding=\"async\" width=\"1066\" height=\"1600\" data-id=\"2215\" src=\"https:\/\/nenedemo.ovh\/TAEKWORPRESS\/wp-content\/uploads\/2025\/07\/Taekwondo-Pau-174-1-1066x1600.jpg\" alt=\"\" class=\"wp-image-2215\" srcset=\"https:\/\/nenedemo.ovh\/TAEKWORPRESS\/wp-content\/uploads\/2025\/07\/Taekwondo-Pau-174-1-1066x1600.jpg 1066w, https:\/\/nenedemo.ovh\/TAEKWORPRESS\/wp-content\/uploads\/2025\/07\/Taekwondo-Pau-174-1-200x300.jpg 200w, https:\/\/nenedemo.ovh\/TAEKWORPRESS\/wp-content\/uploads\/2025\/07\/Taekwondo-Pau-174-1-768x1153.jpg 768w, https:\/\/nenedemo.ovh\/TAEKWORPRESS\/wp-content\/uploads\/2025\/07\/Taekwondo-Pau-174-1-1023x1536.jpg 1023w, https:\/\/nenedemo.ovh\/TAEKWORPRESS\/wp-content\/uploads\/2025\/07\/Taekwondo-Pau-174-1-1364x2048.jpg 1364w, https:\/\/nenedemo.ovh\/TAEKWORPRESS\/wp-content\/uploads\/2025\/07\/Taekwondo-Pau-174-1-scaled.jpg 1705w\" sizes=\"auto, (max-width: 1066px) 100vw, 1066px\" \/><\/figure>\n\n\n\n<figure class=\"wp-block-image size-full\"><img loading=\"lazy\" decoding=\"async\" width=\"524\" height=\"787\" data-id=\"2266\" src=\"https:\/\/nenedemo.ovh\/TAEKWORPRESS\/wp-content\/uploads\/2025\/07\/Capture.png\" alt=\"\" class=\"wp-image-2266\" srcset=\"https:\/\/nenedemo.ovh\/TAEKWORPRESS\/wp-content\/uploads\/2025\/07\/Capture.png 524w, https:\/\/nenedemo.ovh\/TAEKWORPRESS\/wp-content\/uploads\/2025\/07\/Capture-200x300.png 200w\" sizes=\"auto, (max-width: 524px) 100vw, 524px\" \/><\/figure>\n\n\n\n<figure class=\"wp-block-image size-large\"><img loading=\"lazy\" decoding=\"async\" width=\"1600\" height=\"1066\" data-id=\"2209\" src=\"https:\/\/nenedemo.ovh\/TAEKWORPRESS\/wp-content\/uploads\/2025\/07\/Taekwondo-Pau-41-2-1600x1066.jpg\" alt=\"\" class=\"wp-image-2209\" srcset=\"https:\/\/nenedemo.ovh\/TAEKWORPRESS\/wp-content\/uploads\/2025\/07\/Taekwondo-Pau-41-2-1600x1066.jpg 1600w, https:\/\/nenedemo.ovh\/TAEKWORPRESS\/wp-content\/uploads\/2025\/07\/Taekwondo-Pau-41-2-300x200.jpg 300w, https:\/\/nenedemo.ovh\/TAEKWORPRESS\/wp-content\/uploads\/2025\/07\/Taekwondo-Pau-41-2-768x512.jpg 768w, https:\/\/nenedemo.ovh\/TAEKWORPRESS\/wp-content\/uploads\/2025\/07\/Taekwondo-Pau-41-2-1536x1023.jpg 1536w, https:\/\/nenedemo.ovh\/TAEKWORPRESS\/wp-content\/uploads\/2025\/07\/Taekwondo-Pau-41-2-2048x1364.jpg 2048w\" sizes=\"auto, (max-width: 1600px) 100vw, 1600px\" \/><\/figure>\n\n\n\n<figure class=\"wp-block-image size-large\"><img loading=\"lazy\" decoding=\"async\" width=\"1600\" height=\"1066\" data-id=\"2216\" src=\"https:\/\/nenedemo.ovh\/TAEKWORPRESS\/wp-content\/uploads\/2025\/07\/Taekwondo-Pau-236-2-1600x1066.jpg\" alt=\"\" class=\"wp-image-2216\" srcset=\"https:\/\/nenedemo.ovh\/TAEKWORPRESS\/wp-content\/uploads\/2025\/07\/Taekwondo-Pau-236-2-1600x1066.jpg 1600w, https:\/\/nenedemo.ovh\/TAEKWORPRESS\/wp-content\/uploads\/2025\/07\/Taekwondo-Pau-236-2-300x200.jpg 300w, https:\/\/nenedemo.ovh\/TAEKWORPRESS\/wp-content\/uploads\/2025\/07\/Taekwondo-Pau-236-2-768x512.jpg 768w, https:\/\/nenedemo.ovh\/TAEKWORPRESS\/wp-content\/uploads\/2025\/07\/Taekwondo-Pau-236-2-1536x1023.jpg 1536w, https:\/\/nenedemo.ovh\/TAEKWORPRESS\/wp-content\/uploads\/2025\/07\/Taekwondo-Pau-236-2-2048x1364.jpg 2048w\" sizes=\"auto, (max-width: 1600px) 100vw, 1600px\" \/><\/figure>\n<\/figure>\n","protected":false},"excerpt":{"rendered":"<p>\ud83e\udd4bDans le prolongement des \u00e9v\u00e9nements de cl\u00f4ture de l\u2019ann\u00e9e 2025 \u00e0 ASM Taekwondo Pau, une d\u00e9monstration publique au c\u0153ur des valeurs du Taekwondo s\u2019est tenue le 14 juin au Gymnase Henri Lapuyade de Pau. Organis\u00e9e en pr\u00e9lude au passage de grade des enfants et des adultes, cette prestation a rendu un vibrant hommage \u00e0 la &hellip; <\/p>\n<div class=\"link-more\"><a href=\"https:\/\/nenedemo.ovh\/TAEKWORPRESS\/?p=2194\" class=\"more-link\">Read More<span class=\"screen-reader-text\"> &#8220;D\u00e9monstration de Taekwondo&#8221;<\/span><\/a><\/div>\n","protected":false},"author":3,"featured_media":0,"comment_status":"open","ping_status":"open","sticky":false,"template":"","format":"standard","meta":{"footnotes":""},"categories":[1],"tags":[],"class_list":["post-2194","post","type-post","status-publish","format-standard","hentry","category-taekwondo"],"yoast_head":"<!-- This site is optimized with the Yoast SEO plugin v22.8 - https:\/\/yoast.com\/wordpress\/plugins\/seo\/ -->\n<title>D\u00e9monstration de Taekwondo - ASM TAEKWONDO PAU<\/title>\n<meta name=\"description\" content=\"Dans le prolongement des \u00e9v\u00e9nements de cl\u00f4ture de l\u2019ann\u00e9e 2025 \u00e0 ASM Taekwondo Pau, une d\u00e9monstration publique au c\u0153ur des valeurs du Taekwondo s\u2019est tenue le 14 juin au Gymnase Henri Lapuyade de Pau. Organis\u00e9e en pr\u00e9lude au passage de grade des enfants et des adultes, cette prestation a rendu un vibrant hommage \u00e0 la beaut\u00e9, la rigueur et la puissance du Taekwondo.\" \/>\n<meta name=\"robots\" content=\"index, follow, max-snippet:-1, max-image-preview:large, max-video-preview:-1\" \/>\n<link rel=\"canonical\" href=\"https:\/\/nenedemo.ovh\/TAEKWORPRESS\/?p=2194\" \/>\n<meta property=\"og:locale\" content=\"fr_FR\" \/>\n<meta property=\"og:type\" content=\"article\" \/>\n<meta property=\"og:title\" content=\"D\u00e9monstration de Taekwondo - ASM TAEKWONDO PAU\" \/>\n<meta property=\"og:description\" content=\"Dans le prolongement des \u00e9v\u00e9nements de cl\u00f4ture de l\u2019ann\u00e9e 2025 \u00e0 ASM Taekwondo Pau, une d\u00e9monstration publique au c\u0153ur des valeurs du Taekwondo s\u2019est tenue le 14 juin au Gymnase Henri Lapuyade de Pau. Organis\u00e9e en pr\u00e9lude au passage de grade des enfants et des adultes, cette prestation a rendu un vibrant hommage \u00e0 la beaut\u00e9, la rigueur et la puissance du Taekwondo.\" \/>\n<meta property=\"og:url\" content=\"https:\/\/nenedemo.ovh\/TAEKWORPRESS\/?p=2194\" \/>\n<meta property=\"og:site_name\" content=\"ASM TAEKWONDO PAU\" \/>\n<meta property=\"article:publisher\" content=\"https:\/\/www.facebook.com\/groups\/210021564364\/\" \/>\n<meta property=\"article:published_time\" content=\"2025-07-20T15:25:01+00:00\" \/>\n<meta property=\"article:modified_time\" content=\"2025-08-26T07:59:53+00:00\" \/>\n<meta property=\"og:image\" content=\"https:\/\/nenedemo.ovh\/TAEKWORPRESS\/wp-content\/uploads\/2025\/07\/Taekwondo-Pau-246-1600x1066.jpg\" \/>\n<meta name=\"author\" content=\"Webmaster\" \/>\n<meta name=\"twitter:card\" content=\"summary_large_image\" \/>\n<meta name=\"twitter:label1\" content=\"\u00c9crit par\" \/>\n\t<meta name=\"twitter:data1\" content=\"Webmaster\" \/>\n\t<meta name=\"twitter:label2\" content=\"Dur\u00e9e de lecture estim\u00e9e\" \/>\n\t<meta name=\"twitter:data2\" content=\"4 minutes\" \/>\n<script type=\"application\/ld+json\" class=\"yoast-schema-graph\">{\"@context\":\"https:\/\/schema.org\",\"@graph\":[{\"@type\":\"Article\",\"@id\":\"https:\/\/nenedemo.ovh\/TAEKWORPRESS\/?p=2194#article\",\"isPartOf\":{\"@id\":\"https:\/\/nenedemo.ovh\/TAEKWORPRESS\/?p=2194\"},\"author\":{\"name\":\"Webmaster\",\"@id\":\"https:\/\/nenedemo.ovh\/TAEKWORPRESS\/#\/schema\/person\/f7d9fc6a830f7601e81cdc2f1e700b8c\"},\"headline\":\"D\u00e9monstration de Taekwondo\",\"datePublished\":\"2025-07-20T15:25:01+00:00\",\"dateModified\":\"2025-08-26T07:59:53+00:00\",\"mainEntityOfPage\":{\"@id\":\"https:\/\/nenedemo.ovh\/TAEKWORPRESS\/?p=2194\"},\"wordCount\":297,\"commentCount\":0,\"publisher\":{\"@id\":\"https:\/\/nenedemo.ovh\/TAEKWORPRESS\/#organization\"},\"image\":{\"@id\":\"https:\/\/nenedemo.ovh\/TAEKWORPRESS\/?p=2194#primaryimage\"},\"thumbnailUrl\":\"https:\/\/nenedemo.ovh\/TAEKWORPRESS\/wp-content\/uploads\/2025\/07\/Taekwondo-Pau-246-1600x1066.jpg\",\"articleSection\":[\"TAEKWONDO\"],\"inLanguage\":\"fr-FR\",\"potentialAction\":[{\"@type\":\"CommentAction\",\"name\":\"Comment\",\"target\":[\"https:\/\/nenedemo.ovh\/TAEKWORPRESS\/?p=2194#respond\"]}]},{\"@type\":\"WebPage\",\"@id\":\"https:\/\/nenedemo.ovh\/TAEKWORPRESS\/?p=2194\",\"url\":\"https:\/\/nenedemo.ovh\/TAEKWORPRESS\/?p=2194\",\"name\":\"D\u00e9monstration de Taekwondo - ASM TAEKWONDO PAU\",\"isPartOf\":{\"@id\":\"https:\/\/nenedemo.ovh\/TAEKWORPRESS\/#website\"},\"primaryImageOfPage\":{\"@id\":\"https:\/\/nenedemo.ovh\/TAEKWORPRESS\/?p=2194#primaryimage\"},\"image\":{\"@id\":\"https:\/\/nenedemo.ovh\/TAEKWORPRESS\/?p=2194#primaryimage\"},\"thumbnailUrl\":\"https:\/\/nenedemo.ovh\/TAEKWORPRESS\/wp-content\/uploads\/2025\/07\/Taekwondo-Pau-246-1600x1066.jpg\",\"datePublished\":\"2025-07-20T15:25:01+00:00\",\"dateModified\":\"2025-08-26T07:59:53+00:00\",\"description\":\"Dans le prolongement des \u00e9v\u00e9nements de cl\u00f4ture de l\u2019ann\u00e9e 2025 \u00e0 ASM Taekwondo Pau, une d\u00e9monstration publique au c\u0153ur des valeurs du Taekwondo s\u2019est tenue le 14 juin au Gymnase Henri Lapuyade de Pau. Organis\u00e9e en pr\u00e9lude au passage de grade des enfants et des adultes, cette prestation a rendu un vibrant hommage \u00e0 la beaut\u00e9, la rigueur et la puissance du Taekwondo.\",\"breadcrumb\":{\"@id\":\"https:\/\/nenedemo.ovh\/TAEKWORPRESS\/?p=2194#breadcrumb\"},\"inLanguage\":\"fr-FR\",\"potentialAction\":[{\"@type\":\"ReadAction\",\"target\":[\"https:\/\/nenedemo.ovh\/TAEKWORPRESS\/?p=2194\"]}]},{\"@type\":\"ImageObject\",\"inLanguage\":\"fr-FR\",\"@id\":\"https:\/\/nenedemo.ovh\/TAEKWORPRESS\/?p=2194#primaryimage\",\"url\":\"https:\/\/nenedemo.ovh\/TAEKWORPRESS\/wp-content\/uploads\/2025\/07\/Taekwondo-Pau-246-scaled.jpg\",\"contentUrl\":\"https:\/\/nenedemo.ovh\/TAEKWORPRESS\/wp-content\/uploads\/2025\/07\/Taekwondo-Pau-246-scaled.jpg\",\"width\":2560,\"height\":1705},{\"@type\":\"BreadcrumbList\",\"@id\":\"https:\/\/nenedemo.ovh\/TAEKWORPRESS\/?p=2194#breadcrumb\",\"itemListElement\":[{\"@type\":\"ListItem\",\"position\":1,\"name\":\"Accueil\",\"item\":\"https:\/\/nenedemo.ovh\/TAEKWORPRESS\/\"},{\"@type\":\"ListItem\",\"position\":2,\"name\":\"D\u00e9monstration de Taekwondo\"}]},{\"@type\":\"WebSite\",\"@id\":\"https:\/\/nenedemo.ovh\/TAEKWORPRESS\/#website\",\"url\":\"https:\/\/nenedemo.ovh\/TAEKWORPRESS\/\",\"name\":\"A.S.M. TAEKWONDO PAU\",\"description\":\"Association Sportive Municipale de Pau\",\"publisher\":{\"@id\":\"https:\/\/nenedemo.ovh\/TAEKWORPRESS\/#organization\"},\"potentialAction\":[{\"@type\":\"SearchAction\",\"target\":{\"@type\":\"EntryPoint\",\"urlTemplate\":\"https:\/\/nenedemo.ovh\/TAEKWORPRESS\/?s={search_term_string}\"},\"query-input\":\"required name=search_term_string\"}],\"inLanguage\":\"fr-FR\"},{\"@type\":\"Organization\",\"@id\":\"https:\/\/nenedemo.ovh\/TAEKWORPRESS\/#organization\",\"name\":\"Association Sportive Municipale de Pau\",\"url\":\"https:\/\/nenedemo.ovh\/TAEKWORPRESS\/\",\"logo\":{\"@type\":\"ImageObject\",\"inLanguage\":\"fr-FR\",\"@id\":\"https:\/\/nenedemo.ovh\/TAEKWORPRESS\/#\/schema\/logo\/image\/\",\"url\":\"https:\/\/nenedemo.ovh\/TAEKWORPRESS\/wp-content\/uploads\/2023\/08\/cropped-LOGO_FINAL_ASM-1.png\",\"contentUrl\":\"https:\/\/nenedemo.ovh\/TAEKWORPRESS\/wp-content\/uploads\/2023\/08\/cropped-LOGO_FINAL_ASM-1.png\",\"width\":250,\"height\":250,\"caption\":\"Association Sportive Municipale de Pau\"},\"image\":{\"@id\":\"https:\/\/nenedemo.ovh\/TAEKWORPRESS\/#\/schema\/logo\/image\/\"},\"sameAs\":[\"https:\/\/www.facebook.com\/groups\/210021564364\/\"]},{\"@type\":\"Person\",\"@id\":\"https:\/\/nenedemo.ovh\/TAEKWORPRESS\/#\/schema\/person\/f7d9fc6a830f7601e81cdc2f1e700b8c\",\"name\":\"Webmaster\",\"image\":{\"@type\":\"ImageObject\",\"inLanguage\":\"fr-FR\",\"@id\":\"https:\/\/nenedemo.ovh\/TAEKWORPRESS\/#\/schema\/person\/image\/\",\"url\":\"https:\/\/secure.gravatar.com\/avatar\/71e1a269f6018dbbc718c1eb7a6883d60da01cb91265b667eda661b7f77aa06b?s=96&d=mm&r=g\",\"contentUrl\":\"https:\/\/secure.gravatar.com\/avatar\/71e1a269f6018dbbc718c1eb7a6883d60da01cb91265b667eda661b7f77aa06b?s=96&d=mm&r=g\",\"caption\":\"Webmaster\"},\"url\":\"https:\/\/nenedemo.ovh\/TAEKWORPRESS\/?author=3\"}]}<\/script>\n<!-- \/ Yoast SEO plugin. -->","yoast_head_json":{"title":"D\u00e9monstration de Taekwondo - ASM TAEKWONDO PAU","description":"Dans le prolongement des \u00e9v\u00e9nements de cl\u00f4ture de l\u2019ann\u00e9e 2025 \u00e0 ASM Taekwondo Pau, une d\u00e9monstration publique au c\u0153ur des valeurs du Taekwondo s\u2019est tenue le 14 juin au Gymnase Henri Lapuyade de Pau. Organis\u00e9e en pr\u00e9lude au passage de grade des enfants et des adultes, cette prestation a rendu un vibrant hommage \u00e0 la beaut\u00e9, la rigueur et la puissance du Taekwondo.","robots":{"index":"index","follow":"follow","max-snippet":"max-snippet:-1","max-image-preview":"max-image-preview:large","max-video-preview":"max-video-preview:-1"},"canonical":"https:\/\/nenedemo.ovh\/TAEKWORPRESS\/?p=2194","og_locale":"fr_FR","og_type":"article","og_title":"D\u00e9monstration de Taekwondo - ASM TAEKWONDO PAU","og_description":"Dans le prolongement des \u00e9v\u00e9nements de cl\u00f4ture de l\u2019ann\u00e9e 2025 \u00e0 ASM Taekwondo Pau, une d\u00e9monstration publique au c\u0153ur des valeurs du Taekwondo s\u2019est tenue le 14 juin au Gymnase Henri Lapuyade de Pau. Organis\u00e9e en pr\u00e9lude au passage de grade des enfants et des adultes, cette prestation a rendu un vibrant hommage \u00e0 la beaut\u00e9, la rigueur et la puissance du Taekwondo.","og_url":"https:\/\/nenedemo.ovh\/TAEKWORPRESS\/?p=2194","og_site_name":"ASM TAEKWONDO PAU","article_publisher":"https:\/\/www.facebook.com\/groups\/210021564364\/","article_published_time":"2025-07-20T15:25:01+00:00","article_modified_time":"2025-08-26T07:59:53+00:00","og_image":[{"url":"https:\/\/nenedemo.ovh\/TAEKWORPRESS\/wp-content\/uploads\/2025\/07\/Taekwondo-Pau-246-1600x1066.jpg"}],"author":"Webmaster","twitter_card":"summary_large_image","twitter_misc":{"\u00c9crit par":"Webmaster","Dur\u00e9e de lecture estim\u00e9e":"4 minutes"},"schema":{"@context":"https:\/\/schema.org","@graph":[{"@type":"Article","@id":"https:\/\/nenedemo.ovh\/TAEKWORPRESS\/?p=2194#article","isPartOf":{"@id":"https:\/\/nenedemo.ovh\/TAEKWORPRESS\/?p=2194"},"author":{"name":"Webmaster","@id":"https:\/\/nenedemo.ovh\/TAEKWORPRESS\/#\/schema\/person\/f7d9fc6a830f7601e81cdc2f1e700b8c"},"headline":"D\u00e9monstration de Taekwondo","datePublished":"2025-07-20T15:25:01+00:00","dateModified":"2025-08-26T07:59:53+00:00","mainEntityOfPage":{"@id":"https:\/\/nenedemo.ovh\/TAEKWORPRESS\/?p=2194"},"wordCount":297,"commentCount":0,"publisher":{"@id":"https:\/\/nenedemo.ovh\/TAEKWORPRESS\/#organization"},"image":{"@id":"https:\/\/nenedemo.ovh\/TAEKWORPRESS\/?p=2194#primaryimage"},"thumbnailUrl":"https:\/\/nenedemo.ovh\/TAEKWORPRESS\/wp-content\/uploads\/2025\/07\/Taekwondo-Pau-246-1600x1066.jpg","articleSection":["TAEKWONDO"],"inLanguage":"fr-FR","potentialAction":[{"@type":"CommentAction","name":"Comment","target":["https:\/\/nenedemo.ovh\/TAEKWORPRESS\/?p=2194#respond"]}]},{"@type":"WebPage","@id":"https:\/\/nenedemo.ovh\/TAEKWORPRESS\/?p=2194","url":"https:\/\/nenedemo.ovh\/TAEKWORPRESS\/?p=2194","name":"D\u00e9monstration de Taekwondo - ASM TAEKWONDO PAU","isPartOf":{"@id":"https:\/\/nenedemo.ovh\/TAEKWORPRESS\/#website"},"primaryImageOfPage":{"@id":"https:\/\/nenedemo.ovh\/TAEKWORPRESS\/?p=2194#primaryimage"},"image":{"@id":"https:\/\/nenedemo.ovh\/TAEKWORPRESS\/?p=2194#primaryimage"},"thumbnailUrl":"https:\/\/nenedemo.ovh\/TAEKWORPRESS\/wp-content\/uploads\/2025\/07\/Taekwondo-Pau-246-1600x1066.jpg","datePublished":"2025-07-20T15:25:01+00:00","dateModified":"2025-08-26T07:59:53+00:00","description":"Dans le prolongement des \u00e9v\u00e9nements de cl\u00f4ture de l\u2019ann\u00e9e 2025 \u00e0 ASM Taekwondo Pau, une d\u00e9monstration publique au c\u0153ur des valeurs du Taekwondo s\u2019est tenue le 14 juin au Gymnase Henri Lapuyade de Pau. Organis\u00e9e en pr\u00e9lude au passage de grade des enfants et des adultes, cette prestation a rendu un vibrant hommage \u00e0 la beaut\u00e9, la rigueur et la puissance du Taekwondo.","breadcrumb":{"@id":"https:\/\/nenedemo.ovh\/TAEKWORPRESS\/?p=2194#breadcrumb"},"inLanguage":"fr-FR","potentialAction":[{"@type":"ReadAction","target":["https:\/\/nenedemo.ovh\/TAEKWORPRESS\/?p=2194"]}]},{"@type":"ImageObject","inLanguage":"fr-FR","@id":"https:\/\/nenedemo.ovh\/TAEKWORPRESS\/?p=2194#primaryimage","url":"https:\/\/nenedemo.ovh\/TAEKWORPRESS\/wp-content\/uploads\/2025\/07\/Taekwondo-Pau-246-scaled.jpg","contentUrl":"https:\/\/nenedemo.ovh\/TAEKWORPRESS\/wp-content\/uploads\/2025\/07\/Taekwondo-Pau-246-scaled.jpg","width":2560,"height":1705},{"@type":"BreadcrumbList","@id":"https:\/\/nenedemo.ovh\/TAEKWORPRESS\/?p=2194#breadcrumb","itemListElement":[{"@type":"ListItem","position":1,"name":"Accueil","item":"https:\/\/nenedemo.ovh\/TAEKWORPRESS\/"},{"@type":"ListItem","position":2,"name":"D\u00e9monstration de Taekwondo"}]},{"@type":"WebSite","@id":"https:\/\/nenedemo.ovh\/TAEKWORPRESS\/#website","url":"https:\/\/nenedemo.ovh\/TAEKWORPRESS\/","name":"A.S.M. TAEKWONDO PAU","description":"Association Sportive Municipale de Pau","publisher":{"@id":"https:\/\/nenedemo.ovh\/TAEKWORPRESS\/#organization"},"potentialAction":[{"@type":"SearchAction","target":{"@type":"EntryPoint","urlTemplate":"https:\/\/nenedemo.ovh\/TAEKWORPRESS\/?s={search_term_string}"},"query-input":"required name=search_term_string"}],"inLanguage":"fr-FR"},{"@type":"Organization","@id":"https:\/\/nenedemo.ovh\/TAEKWORPRESS\/#organization","name":"Association Sportive Municipale de Pau","url":"https:\/\/nenedemo.ovh\/TAEKWORPRESS\/","logo":{"@type":"ImageObject","inLanguage":"fr-FR","@id":"https:\/\/nenedemo.ovh\/TAEKWORPRESS\/#\/schema\/logo\/image\/","url":"https:\/\/nenedemo.ovh\/TAEKWORPRESS\/wp-content\/uploads\/2023\/08\/cropped-LOGO_FINAL_ASM-1.png","contentUrl":"https:\/\/nenedemo.ovh\/TAEKWORPRESS\/wp-content\/uploads\/2023\/08\/cropped-LOGO_FINAL_ASM-1.png","width":250,"height":250,"caption":"Association Sportive Municipale de Pau"},"image":{"@id":"https:\/\/nenedemo.ovh\/TAEKWORPRESS\/#\/schema\/logo\/image\/"},"sameAs":["https:\/\/www.facebook.com\/groups\/210021564364\/"]},{"@type":"Person","@id":"https:\/\/nenedemo.ovh\/TAEKWORPRESS\/#\/schema\/person\/f7d9fc6a830f7601e81cdc2f1e700b8c","name":"Webmaster","image":{"@type":"ImageObject","inLanguage":"fr-FR","@id":"https:\/\/nenedemo.ovh\/TAEKWORPRESS\/#\/schema\/person\/image\/","url":"https:\/\/secure.gravatar.com\/avatar\/71e1a269f6018dbbc718c1eb7a6883d60da01cb91265b667eda661b7f77aa06b?s=96&d=mm&r=g","contentUrl":"https:\/\/secure.gravatar.com\/avatar\/71e1a269f6018dbbc718c1eb7a6883d60da01cb91265b667eda661b7f77aa06b?s=96&d=mm&r=g","caption":"Webmaster"},"url":"https:\/\/nenedemo.ovh\/TAEKWORPRESS\/?author=3"}]}},"_links":{"self":[{"href":"https:\/\/nenedemo.ovh\/TAEKWORPRESS\/index.php?rest_route=\/wp\/v2\/posts\/2194","targetHints":{"allow":["GET"]}}],"collection":[{"href":"https:\/\/nenedemo.ovh\/TAEKWORPRESS\/index.php?rest_route=\/wp\/v2\/posts"}],"about":[{"href":"https:\/\/nenedemo.ovh\/TAEKWORPRESS\/index.php?rest_route=\/wp\/v2\/types\/post"}],"author":[{"embeddable":true,"href":"https:\/\/nenedemo.ovh\/TAEKWORPRESS\/index.php?rest_route=\/wp\/v2\/users\/3"}],"replies":[{"embeddable":true,"href":"https:\/\/nenedemo.ovh\/TAEKWORPRESS\/index.php?rest_route=%2Fwp%2Fv2%2Fcomments&post=2194"}],"version-history":[{"count":3,"href":"https:\/\/nenedemo.ovh\/TAEKWORPRESS\/index.php?rest_route=\/wp\/v2\/posts\/2194\/revisions"}],"predecessor-version":[{"id":2267,"href":"https:\/\/nenedemo.ovh\/TAEKWORPRESS\/index.php?rest_route=\/wp\/v2\/posts\/2194\/revisions\/2267"}],"wp:attachment":[{"href":"https:\/\/nenedemo.ovh\/TAEKWORPRESS\/index.php?rest_route=%2Fwp%2Fv2%2Fmedia&parent=2194"}],"wp:term":[{"taxonomy":"category","embeddable":true,"href":"https:\/\/nenedemo.ovh\/TAEKWORPRESS\/index.php?rest_route=%2Fwp%2Fv2%2Fcategories&post=2194"},{"taxonomy":"post_tag","embeddable":true,"href":"https:\/\/nenedemo.ovh\/TAEKWORPRESS\/index.php?rest_route=%2Fwp%2Fv2%2Ftags&post=2194"}],"curies":[{"name":"wp","href":"https:\/\/api.w.org\/{rel}","templated":true}]}}