{"id":2105,"date":"2025-05-04T12:51:44","date_gmt":"2025-05-04T10:51:44","guid":{"rendered":"https:\/\/nenedemo.ovh\/TAEKWORPRESS\/?p=2105"},"modified":"2025-05-04T13:41:01","modified_gmt":"2025-05-04T11:41:01","slug":"body-taekwondo-a-la-feminine-de-pau","status":"publish","type":"post","link":"https:\/\/nenedemo.ovh\/TAEKWORPRESS\/?p=2105","title":{"rendered":"Body Taekwondo \u00e0 la F\u00e9minine de Pau"},"content":{"rendered":"\n<p><mark style=\"background-color:rgba(0, 0, 0, 0)\" class=\"has-inline-color has-black-color\">\ud83c\udf38 La F\u00e9minine de Pau \u2013 Nos Amazones du Body Taekwondo \u00e0 l\u2019honneur ! \ud83c\udf38 \u00c0 l\u2019occasion de <strong>la journ\u00e9e de <em>La F\u00e9minine<\/em> de Pau \u2013 \u00e9dition du printemps, ce 4 mai 2025<\/strong>, nos <strong>Amazones du Body Taekwondo<\/strong> \u00e9taient pr\u00e9sentes en force pour c\u00e9l\u00e9brer cet \u00e9v\u00e9nement <strong>100 % f\u00e9minin<\/strong> plac\u00e9 sous le signe du <strong>sport, du partage et de la bonne humeur<\/strong>.<\/mark><\/p>\n\n\n\n<p><mark style=\"background-color:rgba(0, 0, 0, 0)\" class=\"has-inline-color has-black-color\">Dans une ambiance conviviale et festive, nos pratiquantes de ASM Taekwondo de Pau ont d\u00e9montr\u00e9 l\u2019\u00e9nergie, le dynamisme et la solidarit\u00e9 qui caract\u00e9risent notre art martial. L&#8217;esprit de partage, d&#8217;\u00e9changes inspirants et moments de coh\u00e9sion. \ud83c\udf38\u2728<\/mark><\/p>\n\n\n\n<p><mark style=\"background-color:rgba(0, 0, 0, 0)\" class=\"has-inline-color has-black-color\">Cet \u00e9v\u00e9nement a \u00e9t\u00e9 une belle opportunit\u00e9 pour promouvoir <strong>le sport au f\u00e9minin<\/strong>, mettre en lumi\u00e8re la place des arts martiaux pour la promotion du sport pour le <strong>d\u00e9veloppement et la valorisation de la force du collectif<\/strong>. \ud83c\udf38\ud83d\udcaa<\/mark><\/p>\n\n\n\n<p><mark style=\"background-color:rgba(0, 0, 0, 0)\" class=\"has-inline-color has-black-color\">#ASMT<mark style=\"background-color:rgba(0, 0, 0, 0)\" class=\"has-inline-color has-black-color\">aekwondo <\/mark><\/mark>#<mark style=\"background-color:rgba(0, 0, 0, 0)\" class=\"has-inline-color has-black-color\">BodyTaekwondo #FeminineDePau #SportAuFeminin #AmazonesEnAction #TaekwondoSpirit #PartageEt\u00c9nergie<\/mark><\/p>\n\n\n\n<figure class=\"wp-block-image size-large\"><img loading=\"lazy\" decoding=\"async\" width=\"1600\" height=\"1200\" src=\"https:\/\/nenedemo.ovh\/TAEKWORPRESS\/wp-content\/uploads\/2025\/05\/LaFeminine12025-1.jpg\" alt=\"\" class=\"wp-image-2113\" srcset=\"https:\/\/nenedemo.ovh\/TAEKWORPRESS\/wp-content\/uploads\/2025\/05\/LaFeminine12025-1.jpg 1600w, https:\/\/nenedemo.ovh\/TAEKWORPRESS\/wp-content\/uploads\/2025\/05\/LaFeminine12025-1-300x225.jpg 300w, https:\/\/nenedemo.ovh\/TAEKWORPRESS\/wp-content\/uploads\/2025\/05\/LaFeminine12025-1-768x576.jpg 768w, https:\/\/nenedemo.ovh\/TAEKWORPRESS\/wp-content\/uploads\/2025\/05\/LaFeminine12025-1-1536x1152.jpg 1536w\" sizes=\"auto, (max-width: 1600px) 100vw, 1600px\" \/><\/figure>\n\n\n\n<figure class=\"wp-block-gallery has-nested-images columns-default is-cropped wp-block-gallery-1 is-layout-flex wp-block-gallery-is-layout-flex\">\n<figure class=\"wp-block-image size-large\"><img loading=\"lazy\" decoding=\"async\" width=\"754\" height=\"463\" data-id=\"2106\" src=\"https:\/\/nenedemo.ovh\/TAEKWORPRESS\/wp-content\/uploads\/2025\/05\/Captures.png\" alt=\"\" class=\"wp-image-2106\" srcset=\"https:\/\/nenedemo.ovh\/TAEKWORPRESS\/wp-content\/uploads\/2025\/05\/Captures.png 754w, https:\/\/nenedemo.ovh\/TAEKWORPRESS\/wp-content\/uploads\/2025\/05\/Captures-300x184.png 300w\" sizes=\"auto, (max-width: 754px) 100vw, 754px\" \/><\/figure>\n<\/figure>\n\n\n\n<figure class=\"wp-block-gallery has-nested-images columns-default is-cropped wp-block-gallery-2 is-layout-flex wp-block-gallery-is-layout-flex\">\n<figure class=\"wp-block-image size-large\"><img loading=\"lazy\" decoding=\"async\" width=\"800\" height=\"1200\" data-id=\"2108\" src=\"https:\/\/nenedemo.ovh\/TAEKWORPRESS\/wp-content\/uploads\/2025\/05\/feminine-accueil.jpg\" alt=\"\" class=\"wp-image-2108\" srcset=\"https:\/\/nenedemo.ovh\/TAEKWORPRESS\/wp-content\/uploads\/2025\/05\/feminine-accueil.jpg 800w, https:\/\/nenedemo.ovh\/TAEKWORPRESS\/wp-content\/uploads\/2025\/05\/feminine-accueil-200x300.jpg 200w, https:\/\/nenedemo.ovh\/TAEKWORPRESS\/wp-content\/uploads\/2025\/05\/feminine-accueil-768x1152.jpg 768w\" sizes=\"auto, (max-width: 800px) 100vw, 800px\" \/><\/figure>\n\n\n\n<figure class=\"wp-block-image size-large\"><img loading=\"lazy\" decoding=\"async\" width=\"1200\" height=\"1600\" data-id=\"2107\" src=\"https:\/\/nenedemo.ovh\/TAEKWORPRESS\/wp-content\/uploads\/2025\/05\/LaFeminine2025.jpg\" alt=\"\" class=\"wp-image-2107\" srcset=\"https:\/\/nenedemo.ovh\/TAEKWORPRESS\/wp-content\/uploads\/2025\/05\/LaFeminine2025.jpg 1200w, https:\/\/nenedemo.ovh\/TAEKWORPRESS\/wp-content\/uploads\/2025\/05\/LaFeminine2025-225x300.jpg 225w, https:\/\/nenedemo.ovh\/TAEKWORPRESS\/wp-content\/uploads\/2025\/05\/LaFeminine2025-768x1024.jpg 768w, https:\/\/nenedemo.ovh\/TAEKWORPRESS\/wp-content\/uploads\/2025\/05\/LaFeminine2025-1152x1536.jpg 1152w\" sizes=\"auto, (max-width: 1200px) 100vw, 1200px\" \/><\/figure>\n<\/figure>\n\n\n\n<figure class=\"wp-block-gallery has-nested-images columns-default is-cropped wp-block-gallery-3 is-layout-flex wp-block-gallery-is-layout-flex\">\n<figure class=\"wp-block-image size-large\"><img loading=\"lazy\" decoding=\"async\" width=\"1600\" height=\"1200\" data-id=\"2112\" src=\"https:\/\/nenedemo.ovh\/TAEKWORPRESS\/wp-content\/uploads\/2025\/05\/LaFeminine12025.jpg\" alt=\"\" class=\"wp-image-2112\" srcset=\"https:\/\/nenedemo.ovh\/TAEKWORPRESS\/wp-content\/uploads\/2025\/05\/LaFeminine12025.jpg 1600w, https:\/\/nenedemo.ovh\/TAEKWORPRESS\/wp-content\/uploads\/2025\/05\/LaFeminine12025-300x225.jpg 300w, https:\/\/nenedemo.ovh\/TAEKWORPRESS\/wp-content\/uploads\/2025\/05\/LaFeminine12025-768x576.jpg 768w, https:\/\/nenedemo.ovh\/TAEKWORPRESS\/wp-content\/uploads\/2025\/05\/LaFeminine12025-1536x1152.jpg 1536w\" sizes=\"auto, (max-width: 1600px) 100vw, 1600px\" \/><\/figure>\n\n\n\n<figure class=\"wp-block-image size-large\"><img loading=\"lazy\" decoding=\"async\" width=\"1600\" height=\"1200\" data-id=\"2111\" src=\"https:\/\/nenedemo.ovh\/TAEKWORPRESS\/wp-content\/uploads\/2025\/05\/LaFeminine22025.jpg\" alt=\"\" class=\"wp-image-2111\" srcset=\"https:\/\/nenedemo.ovh\/TAEKWORPRESS\/wp-content\/uploads\/2025\/05\/LaFeminine22025.jpg 1600w, https:\/\/nenedemo.ovh\/TAEKWORPRESS\/wp-content\/uploads\/2025\/05\/LaFeminine22025-300x225.jpg 300w, https:\/\/nenedemo.ovh\/TAEKWORPRESS\/wp-content\/uploads\/2025\/05\/LaFeminine22025-768x576.jpg 768w, https:\/\/nenedemo.ovh\/TAEKWORPRESS\/wp-content\/uploads\/2025\/05\/LaFeminine22025-1536x1152.jpg 1536w\" sizes=\"auto, (max-width: 1600px) 100vw, 1600px\" \/><\/figure>\n<\/figure>\n\n\n\n<figure class=\"wp-block-gallery has-nested-images columns-default is-cropped wp-block-gallery-4 is-layout-flex wp-block-gallery-is-layout-flex\"><\/figure>\n","protected":false},"excerpt":{"rendered":"<p>\ud83c\udf38 La F\u00e9minine de Pau \u2013 Nos Amazones du Body Taekwondo \u00e0 l\u2019honneur ! \ud83c\udf38 \u00c0 l\u2019occasion de la journ\u00e9e de La F\u00e9minine de Pau \u2013 \u00e9dition du printemps, ce 4 mai 2025, nos Amazones du Body Taekwondo \u00e9taient pr\u00e9sentes en force pour c\u00e9l\u00e9brer cet \u00e9v\u00e9nement 100 % f\u00e9minin plac\u00e9 sous le signe du sport, &hellip; <\/p>\n<div class=\"link-more\"><a href=\"https:\/\/nenedemo.ovh\/TAEKWORPRESS\/?p=2105\" class=\"more-link\">Read More<span class=\"screen-reader-text\"> &#8220;Body Taekwondo \u00e0 la F\u00e9minine de Pau&#8221;<\/span><\/a><\/div>\n","protected":false},"author":3,"featured_media":0,"comment_status":"open","ping_status":"open","sticky":false,"template":"","format":"standard","meta":{"footnotes":""},"categories":[13,4,1],"tags":[],"class_list":["post-2105","post","type-post","status-publish","format-standard","hentry","category-body-taekwondo","category-evenements","category-taekwondo"],"yoast_head":"<!-- This site is optimized with the Yoast SEO plugin v22.8 - https:\/\/yoast.com\/wordpress\/plugins\/seo\/ -->\n<title>Body Taekwondo \u00e0 la F\u00e9minine de Pau - ASM TAEKWONDO PAU<\/title>\n<meta name=\"robots\" content=\"index, follow, max-snippet:-1, max-image-preview:large, max-video-preview:-1\" \/>\n<link rel=\"canonical\" href=\"https:\/\/nenedemo.ovh\/TAEKWORPRESS\/?p=2105\" \/>\n<meta property=\"og:locale\" content=\"fr_FR\" \/>\n<meta property=\"og:type\" content=\"article\" \/>\n<meta property=\"og:title\" content=\"Body Taekwondo \u00e0 la F\u00e9minine de Pau - ASM TAEKWONDO PAU\" \/>\n<meta property=\"og:description\" content=\"\ud83c\udf38 La F\u00e9minine de Pau \u2013 Nos Amazones du Body Taekwondo \u00e0 l\u2019honneur ! \ud83c\udf38 \u00c0 l\u2019occasion de la journ\u00e9e de La F\u00e9minine de Pau \u2013 \u00e9dition du printemps, ce 4 mai 2025, nos Amazones du Body Taekwondo \u00e9taient pr\u00e9sentes en force pour c\u00e9l\u00e9brer cet \u00e9v\u00e9nement 100 % f\u00e9minin plac\u00e9 sous le signe du sport, &hellip; Read More &quot;Body Taekwondo \u00e0 la F\u00e9minine de Pau&quot;\" \/>\n<meta property=\"og:url\" content=\"https:\/\/nenedemo.ovh\/TAEKWORPRESS\/?p=2105\" \/>\n<meta property=\"og:site_name\" content=\"ASM TAEKWONDO PAU\" \/>\n<meta property=\"article:publisher\" content=\"https:\/\/www.facebook.com\/groups\/210021564364\/\" \/>\n<meta property=\"article:published_time\" content=\"2025-05-04T10:51:44+00:00\" \/>\n<meta property=\"article:modified_time\" content=\"2025-05-04T11:41:01+00:00\" \/>\n<meta property=\"og:image\" content=\"https:\/\/nenedemo.ovh\/TAEKWORPRESS\/wp-content\/uploads\/2025\/05\/LaFeminine12025-1.jpg\" \/>\n<meta name=\"author\" content=\"Webmaster\" \/>\n<meta name=\"twitter:card\" content=\"summary_large_image\" \/>\n<meta name=\"twitter:label1\" content=\"\u00c9crit par\" \/>\n\t<meta name=\"twitter:data1\" content=\"Webmaster\" \/>\n\t<meta name=\"twitter:label2\" content=\"Dur\u00e9e de lecture estim\u00e9e\" \/>\n\t<meta name=\"twitter:data2\" content=\"2 minutes\" \/>\n<script type=\"application\/ld+json\" class=\"yoast-schema-graph\">{\"@context\":\"https:\/\/schema.org\",\"@graph\":[{\"@type\":\"Article\",\"@id\":\"https:\/\/nenedemo.ovh\/TAEKWORPRESS\/?p=2105#article\",\"isPartOf\":{\"@id\":\"https:\/\/nenedemo.ovh\/TAEKWORPRESS\/?p=2105\"},\"author\":{\"name\":\"Webmaster\",\"@id\":\"https:\/\/nenedemo.ovh\/TAEKWORPRESS\/#\/schema\/person\/f7d9fc6a830f7601e81cdc2f1e700b8c\"},\"headline\":\"Body Taekwondo \u00e0 la F\u00e9minine de Pau\",\"datePublished\":\"2025-05-04T10:51:44+00:00\",\"dateModified\":\"2025-05-04T11:41:01+00:00\",\"mainEntityOfPage\":{\"@id\":\"https:\/\/nenedemo.ovh\/TAEKWORPRESS\/?p=2105\"},\"wordCount\":157,\"commentCount\":0,\"publisher\":{\"@id\":\"https:\/\/nenedemo.ovh\/TAEKWORPRESS\/#organization\"},\"image\":{\"@id\":\"https:\/\/nenedemo.ovh\/TAEKWORPRESS\/?p=2105#primaryimage\"},\"thumbnailUrl\":\"https:\/\/nenedemo.ovh\/TAEKWORPRESS\/wp-content\/uploads\/2025\/05\/LaFeminine12025-1.jpg\",\"articleSection\":[\"BODY TAEKWONDO\",\"EVENEMENTS\",\"TAEKWONDO\"],\"inLanguage\":\"fr-FR\",\"potentialAction\":[{\"@type\":\"CommentAction\",\"name\":\"Comment\",\"target\":[\"https:\/\/nenedemo.ovh\/TAEKWORPRESS\/?p=2105#respond\"]}]},{\"@type\":\"WebPage\",\"@id\":\"https:\/\/nenedemo.ovh\/TAEKWORPRESS\/?p=2105\",\"url\":\"https:\/\/nenedemo.ovh\/TAEKWORPRESS\/?p=2105\",\"name\":\"Body Taekwondo \u00e0 la F\u00e9minine de Pau - ASM TAEKWONDO PAU\",\"isPartOf\":{\"@id\":\"https:\/\/nenedemo.ovh\/TAEKWORPRESS\/#website\"},\"primaryImageOfPage\":{\"@id\":\"https:\/\/nenedemo.ovh\/TAEKWORPRESS\/?p=2105#primaryimage\"},\"image\":{\"@id\":\"https:\/\/nenedemo.ovh\/TAEKWORPRESS\/?p=2105#primaryimage\"},\"thumbnailUrl\":\"https:\/\/nenedemo.ovh\/TAEKWORPRESS\/wp-content\/uploads\/2025\/05\/LaFeminine12025-1.jpg\",\"datePublished\":\"2025-05-04T10:51:44+00:00\",\"dateModified\":\"2025-05-04T11:41:01+00:00\",\"breadcrumb\":{\"@id\":\"https:\/\/nenedemo.ovh\/TAEKWORPRESS\/?p=2105#breadcrumb\"},\"inLanguage\":\"fr-FR\",\"potentialAction\":[{\"@type\":\"ReadAction\",\"target\":[\"https:\/\/nenedemo.ovh\/TAEKWORPRESS\/?p=2105\"]}]},{\"@type\":\"ImageObject\",\"inLanguage\":\"fr-FR\",\"@id\":\"https:\/\/nenedemo.ovh\/TAEKWORPRESS\/?p=2105#primaryimage\",\"url\":\"https:\/\/nenedemo.ovh\/TAEKWORPRESS\/wp-content\/uploads\/2025\/05\/LaFeminine12025-1.jpg\",\"contentUrl\":\"https:\/\/nenedemo.ovh\/TAEKWORPRESS\/wp-content\/uploads\/2025\/05\/LaFeminine12025-1.jpg\",\"width\":1600,\"height\":1200},{\"@type\":\"BreadcrumbList\",\"@id\":\"https:\/\/nenedemo.ovh\/TAEKWORPRESS\/?p=2105#breadcrumb\",\"itemListElement\":[{\"@type\":\"ListItem\",\"position\":1,\"name\":\"Accueil\",\"item\":\"https:\/\/nenedemo.ovh\/TAEKWORPRESS\/\"},{\"@type\":\"ListItem\",\"position\":2,\"name\":\"Body Taekwondo \u00e0 la F\u00e9minine de Pau\"}]},{\"@type\":\"WebSite\",\"@id\":\"https:\/\/nenedemo.ovh\/TAEKWORPRESS\/#website\",\"url\":\"https:\/\/nenedemo.ovh\/TAEKWORPRESS\/\",\"name\":\"A.S.M. TAEKWONDO PAU\",\"description\":\"Association Sportive Municipale de Pau\",\"publisher\":{\"@id\":\"https:\/\/nenedemo.ovh\/TAEKWORPRESS\/#organization\"},\"potentialAction\":[{\"@type\":\"SearchAction\",\"target\":{\"@type\":\"EntryPoint\",\"urlTemplate\":\"https:\/\/nenedemo.ovh\/TAEKWORPRESS\/?s={search_term_string}\"},\"query-input\":\"required name=search_term_string\"}],\"inLanguage\":\"fr-FR\"},{\"@type\":\"Organization\",\"@id\":\"https:\/\/nenedemo.ovh\/TAEKWORPRESS\/#organization\",\"name\":\"Association Sportive Municipale de Pau\",\"url\":\"https:\/\/nenedemo.ovh\/TAEKWORPRESS\/\",\"logo\":{\"@type\":\"ImageObject\",\"inLanguage\":\"fr-FR\",\"@id\":\"https:\/\/nenedemo.ovh\/TAEKWORPRESS\/#\/schema\/logo\/image\/\",\"url\":\"https:\/\/nenedemo.ovh\/TAEKWORPRESS\/wp-content\/uploads\/2023\/08\/cropped-LOGO_FINAL_ASM-1.png\",\"contentUrl\":\"https:\/\/nenedemo.ovh\/TAEKWORPRESS\/wp-content\/uploads\/2023\/08\/cropped-LOGO_FINAL_ASM-1.png\",\"width\":250,\"height\":250,\"caption\":\"Association Sportive Municipale de Pau\"},\"image\":{\"@id\":\"https:\/\/nenedemo.ovh\/TAEKWORPRESS\/#\/schema\/logo\/image\/\"},\"sameAs\":[\"https:\/\/www.facebook.com\/groups\/210021564364\/\"]},{\"@type\":\"Person\",\"@id\":\"https:\/\/nenedemo.ovh\/TAEKWORPRESS\/#\/schema\/person\/f7d9fc6a830f7601e81cdc2f1e700b8c\",\"name\":\"Webmaster\",\"image\":{\"@type\":\"ImageObject\",\"inLanguage\":\"fr-FR\",\"@id\":\"https:\/\/nenedemo.ovh\/TAEKWORPRESS\/#\/schema\/person\/image\/\",\"url\":\"https:\/\/secure.gravatar.com\/avatar\/71e1a269f6018dbbc718c1eb7a6883d60da01cb91265b667eda661b7f77aa06b?s=96&d=mm&r=g\",\"contentUrl\":\"https:\/\/secure.gravatar.com\/avatar\/71e1a269f6018dbbc718c1eb7a6883d60da01cb91265b667eda661b7f77aa06b?s=96&d=mm&r=g\",\"caption\":\"Webmaster\"},\"url\":\"https:\/\/nenedemo.ovh\/TAEKWORPRESS\/?author=3\"}]}<\/script>\n<!-- \/ Yoast SEO plugin. -->","yoast_head_json":{"title":"Body Taekwondo \u00e0 la F\u00e9minine de Pau - ASM TAEKWONDO PAU","robots":{"index":"index","follow":"follow","max-snippet":"max-snippet:-1","max-image-preview":"max-image-preview:large","max-video-preview":"max-video-preview:-1"},"canonical":"https:\/\/nenedemo.ovh\/TAEKWORPRESS\/?p=2105","og_locale":"fr_FR","og_type":"article","og_title":"Body Taekwondo \u00e0 la F\u00e9minine de Pau - ASM TAEKWONDO PAU","og_description":"\ud83c\udf38 La F\u00e9minine de Pau \u2013 Nos Amazones du Body Taekwondo \u00e0 l\u2019honneur ! \ud83c\udf38 \u00c0 l\u2019occasion de la journ\u00e9e de La F\u00e9minine de Pau \u2013 \u00e9dition du printemps, ce 4 mai 2025, nos Amazones du Body Taekwondo \u00e9taient pr\u00e9sentes en force pour c\u00e9l\u00e9brer cet \u00e9v\u00e9nement 100 % f\u00e9minin plac\u00e9 sous le signe du sport, &hellip; Read More \"Body Taekwondo \u00e0 la F\u00e9minine de Pau\"","og_url":"https:\/\/nenedemo.ovh\/TAEKWORPRESS\/?p=2105","og_site_name":"ASM TAEKWONDO PAU","article_publisher":"https:\/\/www.facebook.com\/groups\/210021564364\/","article_published_time":"2025-05-04T10:51:44+00:00","article_modified_time":"2025-05-04T11:41:01+00:00","og_image":[{"url":"https:\/\/nenedemo.ovh\/TAEKWORPRESS\/wp-content\/uploads\/2025\/05\/LaFeminine12025-1.jpg"}],"author":"Webmaster","twitter_card":"summary_large_image","twitter_misc":{"\u00c9crit par":"Webmaster","Dur\u00e9e de lecture estim\u00e9e":"2 minutes"},"schema":{"@context":"https:\/\/schema.org","@graph":[{"@type":"Article","@id":"https:\/\/nenedemo.ovh\/TAEKWORPRESS\/?p=2105#article","isPartOf":{"@id":"https:\/\/nenedemo.ovh\/TAEKWORPRESS\/?p=2105"},"author":{"name":"Webmaster","@id":"https:\/\/nenedemo.ovh\/TAEKWORPRESS\/#\/schema\/person\/f7d9fc6a830f7601e81cdc2f1e700b8c"},"headline":"Body Taekwondo \u00e0 la F\u00e9minine de Pau","datePublished":"2025-05-04T10:51:44+00:00","dateModified":"2025-05-04T11:41:01+00:00","mainEntityOfPage":{"@id":"https:\/\/nenedemo.ovh\/TAEKWORPRESS\/?p=2105"},"wordCount":157,"commentCount":0,"publisher":{"@id":"https:\/\/nenedemo.ovh\/TAEKWORPRESS\/#organization"},"image":{"@id":"https:\/\/nenedemo.ovh\/TAEKWORPRESS\/?p=2105#primaryimage"},"thumbnailUrl":"https:\/\/nenedemo.ovh\/TAEKWORPRESS\/wp-content\/uploads\/2025\/05\/LaFeminine12025-1.jpg","articleSection":["BODY TAEKWONDO","EVENEMENTS","TAEKWONDO"],"inLanguage":"fr-FR","potentialAction":[{"@type":"CommentAction","name":"Comment","target":["https:\/\/nenedemo.ovh\/TAEKWORPRESS\/?p=2105#respond"]}]},{"@type":"WebPage","@id":"https:\/\/nenedemo.ovh\/TAEKWORPRESS\/?p=2105","url":"https:\/\/nenedemo.ovh\/TAEKWORPRESS\/?p=2105","name":"Body Taekwondo \u00e0 la F\u00e9minine de Pau - ASM TAEKWONDO PAU","isPartOf":{"@id":"https:\/\/nenedemo.ovh\/TAEKWORPRESS\/#website"},"primaryImageOfPage":{"@id":"https:\/\/nenedemo.ovh\/TAEKWORPRESS\/?p=2105#primaryimage"},"image":{"@id":"https:\/\/nenedemo.ovh\/TAEKWORPRESS\/?p=2105#primaryimage"},"thumbnailUrl":"https:\/\/nenedemo.ovh\/TAEKWORPRESS\/wp-content\/uploads\/2025\/05\/LaFeminine12025-1.jpg","datePublished":"2025-05-04T10:51:44+00:00","dateModified":"2025-05-04T11:41:01+00:00","breadcrumb":{"@id":"https:\/\/nenedemo.ovh\/TAEKWORPRESS\/?p=2105#breadcrumb"},"inLanguage":"fr-FR","potentialAction":[{"@type":"ReadAction","target":["https:\/\/nenedemo.ovh\/TAEKWORPRESS\/?p=2105"]}]},{"@type":"ImageObject","inLanguage":"fr-FR","@id":"https:\/\/nenedemo.ovh\/TAEKWORPRESS\/?p=2105#primaryimage","url":"https:\/\/nenedemo.ovh\/TAEKWORPRESS\/wp-content\/uploads\/2025\/05\/LaFeminine12025-1.jpg","contentUrl":"https:\/\/nenedemo.ovh\/TAEKWORPRESS\/wp-content\/uploads\/2025\/05\/LaFeminine12025-1.jpg","width":1600,"height":1200},{"@type":"BreadcrumbList","@id":"https:\/\/nenedemo.ovh\/TAEKWORPRESS\/?p=2105#breadcrumb","itemListElement":[{"@type":"ListItem","position":1,"name":"Accueil","item":"https:\/\/nenedemo.ovh\/TAEKWORPRESS\/"},{"@type":"ListItem","position":2,"name":"Body Taekwondo \u00e0 la F\u00e9minine de Pau"}]},{"@type":"WebSite","@id":"https:\/\/nenedemo.ovh\/TAEKWORPRESS\/#website","url":"https:\/\/nenedemo.ovh\/TAEKWORPRESS\/","name":"A.S.M. TAEKWONDO PAU","description":"Association Sportive Municipale de Pau","publisher":{"@id":"https:\/\/nenedemo.ovh\/TAEKWORPRESS\/#organization"},"potentialAction":[{"@type":"SearchAction","target":{"@type":"EntryPoint","urlTemplate":"https:\/\/nenedemo.ovh\/TAEKWORPRESS\/?s={search_term_string}"},"query-input":"required name=search_term_string"}],"inLanguage":"fr-FR"},{"@type":"Organization","@id":"https:\/\/nenedemo.ovh\/TAEKWORPRESS\/#organization","name":"Association Sportive Municipale de Pau","url":"https:\/\/nenedemo.ovh\/TAEKWORPRESS\/","logo":{"@type":"ImageObject","inLanguage":"fr-FR","@id":"https:\/\/nenedemo.ovh\/TAEKWORPRESS\/#\/schema\/logo\/image\/","url":"https:\/\/nenedemo.ovh\/TAEKWORPRESS\/wp-content\/uploads\/2023\/08\/cropped-LOGO_FINAL_ASM-1.png","contentUrl":"https:\/\/nenedemo.ovh\/TAEKWORPRESS\/wp-content\/uploads\/2023\/08\/cropped-LOGO_FINAL_ASM-1.png","width":250,"height":250,"caption":"Association Sportive Municipale de Pau"},"image":{"@id":"https:\/\/nenedemo.ovh\/TAEKWORPRESS\/#\/schema\/logo\/image\/"},"sameAs":["https:\/\/www.facebook.com\/groups\/210021564364\/"]},{"@type":"Person","@id":"https:\/\/nenedemo.ovh\/TAEKWORPRESS\/#\/schema\/person\/f7d9fc6a830f7601e81cdc2f1e700b8c","name":"Webmaster","image":{"@type":"ImageObject","inLanguage":"fr-FR","@id":"https:\/\/nenedemo.ovh\/TAEKWORPRESS\/#\/schema\/person\/image\/","url":"https:\/\/secure.gravatar.com\/avatar\/71e1a269f6018dbbc718c1eb7a6883d60da01cb91265b667eda661b7f77aa06b?s=96&d=mm&r=g","contentUrl":"https:\/\/secure.gravatar.com\/avatar\/71e1a269f6018dbbc718c1eb7a6883d60da01cb91265b667eda661b7f77aa06b?s=96&d=mm&r=g","caption":"Webmaster"},"url":"https:\/\/nenedemo.ovh\/TAEKWORPRESS\/?author=3"}]}},"_links":{"self":[{"href":"https:\/\/nenedemo.ovh\/TAEKWORPRESS\/index.php?rest_route=\/wp\/v2\/posts\/2105","targetHints":{"allow":["GET"]}}],"collection":[{"href":"https:\/\/nenedemo.ovh\/TAEKWORPRESS\/index.php?rest_route=\/wp\/v2\/posts"}],"about":[{"href":"https:\/\/nenedemo.ovh\/TAEKWORPRESS\/index.php?rest_route=\/wp\/v2\/types\/post"}],"author":[{"embeddable":true,"href":"https:\/\/nenedemo.ovh\/TAEKWORPRESS\/index.php?rest_route=\/wp\/v2\/users\/3"}],"replies":[{"embeddable":true,"href":"https:\/\/nenedemo.ovh\/TAEKWORPRESS\/index.php?rest_route=%2Fwp%2Fv2%2Fcomments&post=2105"}],"version-history":[{"count":3,"href":"https:\/\/nenedemo.ovh\/TAEKWORPRESS\/index.php?rest_route=\/wp\/v2\/posts\/2105\/revisions"}],"predecessor-version":[{"id":2115,"href":"https:\/\/nenedemo.ovh\/TAEKWORPRESS\/index.php?rest_route=\/wp\/v2\/posts\/2105\/revisions\/2115"}],"wp:attachment":[{"href":"https:\/\/nenedemo.ovh\/TAEKWORPRESS\/index.php?rest_route=%2Fwp%2Fv2%2Fmedia&parent=2105"}],"wp:term":[{"taxonomy":"category","embeddable":true,"href":"https:\/\/nenedemo.ovh\/TAEKWORPRESS\/index.php?rest_route=%2Fwp%2Fv2%2Fcategories&post=2105"},{"taxonomy":"post_tag","embeddable":true,"href":"https:\/\/nenedemo.ovh\/TAEKWORPRESS\/index.php?rest_route=%2Fwp%2Fv2%2Ftags&post=2105"}],"curies":[{"name":"wp","href":"https:\/\/api.w.org\/{rel}","templated":true}]}}