{"id":1654,"date":"2023-10-14T13:37:51","date_gmt":"2023-10-14T11:37:51","guid":{"rendered":"https:\/\/nenedemo.ovh\/TAEKWORPRESS\/?p=1654"},"modified":"2024-08-20T15:30:09","modified_gmt":"2024-08-20T13:30:09","slug":"body-taekwondo-presse-2023","status":"publish","type":"post","link":"https:\/\/nenedemo.ovh\/TAEKWORPRESS\/?p=1654","title":{"rendered":"Body Taekwondo Presse 2023"},"content":{"rendered":"\n<p><img loading=\"lazy\" decoding=\"async\" width=\"16\" height=\"16\" src=\"https:\/\/static.xx.fbcdn.net\/images\/emoji.php\/v9\/tbe\/1\/16\/1f94a.png\" alt=\"\ud83e\udd4a\"><img loading=\"lazy\" decoding=\"async\" width=\"16\" height=\"16\" src=\"https:\/\/static.xx.fbcdn.net\/images\/emoji.php\/v9\/tbe\/1\/16\/1f94a.png\" alt=\"\ud83e\udd4a\"> <mark style=\"background-color:rgba(0, 0, 0, 0)\" class=\"has-inline-color has-black-color\">Excellent reportage sur ASM <strong>Body Taekwondo<\/strong> dans <a data-type=\"link\" data-id=\"https:\/\/www.larepubliquedespyrenees.fr\/sport\/arts-martiaux\/avec-le-body-taekwondo-les-arts-martiaux-entrent-dans-la-danse-16823572.php\" href=\"https:\/\/www.larepubliquedespyrenees.fr\/sport\/arts-martiaux\/avec-le-body-taekwondo-les-arts-martiaux-entrent-dans-la-danse-16823572.php\">La R\u00e9publique des Pyr\u00e9n\u00e9es<\/a> le 03\/09\/2023. Voici ci-dessous un extrait qui refl\u00e8te l&#8217;ambiance et les bienfaits de cette discipline passionnante et <strong>gratifiante<\/strong> !!!<\/mark> <img loading=\"lazy\" decoding=\"async\" width=\"16\" height=\"16\" src=\"https:\/\/static.xx.fbcdn.net\/images\/emoji.php\/v9\/tbe\/1\/16\/1f94a.png\" alt=\"\ud83e\udd4a\"><img loading=\"lazy\" decoding=\"async\" width=\"16\" height=\"16\" src=\"https:\/\/static.xx.fbcdn.net\/images\/emoji.php\/v9\/tbe\/1\/16\/1f94a.png\" alt=\"\ud83e\udd4a\"> <mark style=\"background-color:rgba(0, 0, 0, 0)\" class=\"has-inline-color has-black-color\">Si ce sport martial de <strong>fitness<\/strong> vous tente d&#8217;essayer, <a href=\"https:\/\/nenedemo.ovh\/TAEKWORPRESS\/?page_id=123\"><strong>rejoignez-nous<\/strong><\/a><\/mark> !<\/p>\n\n\n\n<figure class=\"wp-block-image size-full\"><img loading=\"lazy\" decoding=\"async\" width=\"1201\" height=\"1600\" src=\"https:\/\/nenedemo.ovh\/TAEKWORPRESS\/wp-content\/uploads\/2023\/10\/WhatsApp-Image-2023-10-06-at-18.16.16.jpeg\" alt=\"\" class=\"wp-image-1655\" srcset=\"https:\/\/nenedemo.ovh\/TAEKWORPRESS\/wp-content\/uploads\/2023\/10\/WhatsApp-Image-2023-10-06-at-18.16.16.jpeg 1201w, https:\/\/nenedemo.ovh\/TAEKWORPRESS\/wp-content\/uploads\/2023\/10\/WhatsApp-Image-2023-10-06-at-18.16.16-225x300.jpeg 225w, https:\/\/nenedemo.ovh\/TAEKWORPRESS\/wp-content\/uploads\/2023\/10\/WhatsApp-Image-2023-10-06-at-18.16.16-768x1023.jpeg 768w, https:\/\/nenedemo.ovh\/TAEKWORPRESS\/wp-content\/uploads\/2023\/10\/WhatsApp-Image-2023-10-06-at-18.16.16-1153x1536.jpeg 1153w\" sizes=\"auto, (max-width: 1201px) 100vw, 1201px\" \/><\/figure>\n","protected":false},"excerpt":{"rendered":"<p>Excellent reportage sur ASM Body Taekwondo dans La R\u00e9publique des Pyr\u00e9n\u00e9es le 03\/09\/2023. Voici ci-dessous un extrait qui refl\u00e8te l&#8217;ambiance et les bienfaits de cette discipline passionnante et gratifiante !!! Si ce sport martial de fitness vous tente d&#8217;essayer, rejoignez-nous !<\/p>\n","protected":false},"author":3,"featured_media":0,"comment_status":"open","ping_status":"open","sticky":false,"template":"","format":"standard","meta":{"footnotes":""},"categories":[13],"tags":[],"class_list":["post-1654","post","type-post","status-publish","format-standard","hentry","category-body-taekwondo"],"yoast_head":"<!-- This site is optimized with the Yoast SEO plugin v22.8 - https:\/\/yoast.com\/wordpress\/plugins\/seo\/ -->\n<title>Body Taekwondo Presse 2023 - ASM TAEKWONDO PAU<\/title>\n<meta name=\"robots\" content=\"index, follow, max-snippet:-1, max-image-preview:large, max-video-preview:-1\" \/>\n<link rel=\"canonical\" href=\"https:\/\/nenedemo.ovh\/TAEKWORPRESS\/?p=1654\" \/>\n<meta property=\"og:locale\" content=\"fr_FR\" \/>\n<meta property=\"og:type\" content=\"article\" \/>\n<meta property=\"og:title\" content=\"Body Taekwondo Presse 2023 - ASM TAEKWONDO PAU\" \/>\n<meta property=\"og:description\" content=\"Excellent reportage sur ASM Body Taekwondo dans La R\u00e9publique des Pyr\u00e9n\u00e9es le 03\/09\/2023. Voici ci-dessous un extrait qui refl\u00e8te l&#8217;ambiance et les bienfaits de cette discipline passionnante et gratifiante !!! Si ce sport martial de fitness vous tente d&#8217;essayer, rejoignez-nous !\" \/>\n<meta property=\"og:url\" content=\"https:\/\/nenedemo.ovh\/TAEKWORPRESS\/?p=1654\" \/>\n<meta property=\"og:site_name\" content=\"ASM TAEKWONDO PAU\" \/>\n<meta property=\"article:publisher\" content=\"https:\/\/www.facebook.com\/groups\/210021564364\/\" \/>\n<meta property=\"article:published_time\" content=\"2023-10-14T11:37:51+00:00\" \/>\n<meta property=\"article:modified_time\" content=\"2024-08-20T13:30:09+00:00\" \/>\n<meta property=\"og:image\" content=\"https:\/\/static.xx.fbcdn.net\/images\/emoji.php\/v9\/tbe\/1\/16\/1f94a.png\" \/>\n<meta name=\"author\" content=\"Webmaster\" \/>\n<meta name=\"twitter:card\" content=\"summary_large_image\" \/>\n<meta name=\"twitter:label1\" content=\"\u00c9crit par\" \/>\n\t<meta name=\"twitter:data1\" content=\"Webmaster\" \/>\n\t<meta name=\"twitter:label2\" content=\"Dur\u00e9e de lecture estim\u00e9e\" \/>\n\t<meta name=\"twitter:data2\" content=\"2 minutes\" \/>\n<script type=\"application\/ld+json\" class=\"yoast-schema-graph\">{\"@context\":\"https:\/\/schema.org\",\"@graph\":[{\"@type\":\"Article\",\"@id\":\"https:\/\/nenedemo.ovh\/TAEKWORPRESS\/?p=1654#article\",\"isPartOf\":{\"@id\":\"https:\/\/nenedemo.ovh\/TAEKWORPRESS\/?p=1654\"},\"author\":{\"name\":\"Webmaster\",\"@id\":\"https:\/\/nenedemo.ovh\/TAEKWORPRESS\/#\/schema\/person\/f7d9fc6a830f7601e81cdc2f1e700b8c\"},\"headline\":\"Body Taekwondo Presse 2023\",\"datePublished\":\"2023-10-14T11:37:51+00:00\",\"dateModified\":\"2024-08-20T13:30:09+00:00\",\"mainEntityOfPage\":{\"@id\":\"https:\/\/nenedemo.ovh\/TAEKWORPRESS\/?p=1654\"},\"wordCount\":45,\"commentCount\":0,\"publisher\":{\"@id\":\"https:\/\/nenedemo.ovh\/TAEKWORPRESS\/#organization\"},\"image\":{\"@id\":\"https:\/\/nenedemo.ovh\/TAEKWORPRESS\/?p=1654#primaryimage\"},\"thumbnailUrl\":\"https:\/\/static.xx.fbcdn.net\/images\/emoji.php\/v9\/tbe\/1\/16\/1f94a.png\",\"articleSection\":[\"BODY TAEKWONDO\"],\"inLanguage\":\"fr-FR\",\"potentialAction\":[{\"@type\":\"CommentAction\",\"name\":\"Comment\",\"target\":[\"https:\/\/nenedemo.ovh\/TAEKWORPRESS\/?p=1654#respond\"]}]},{\"@type\":\"WebPage\",\"@id\":\"https:\/\/nenedemo.ovh\/TAEKWORPRESS\/?p=1654\",\"url\":\"https:\/\/nenedemo.ovh\/TAEKWORPRESS\/?p=1654\",\"name\":\"Body Taekwondo Presse 2023 - ASM TAEKWONDO PAU\",\"isPartOf\":{\"@id\":\"https:\/\/nenedemo.ovh\/TAEKWORPRESS\/#website\"},\"primaryImageOfPage\":{\"@id\":\"https:\/\/nenedemo.ovh\/TAEKWORPRESS\/?p=1654#primaryimage\"},\"image\":{\"@id\":\"https:\/\/nenedemo.ovh\/TAEKWORPRESS\/?p=1654#primaryimage\"},\"thumbnailUrl\":\"https:\/\/static.xx.fbcdn.net\/images\/emoji.php\/v9\/tbe\/1\/16\/1f94a.png\",\"datePublished\":\"2023-10-14T11:37:51+00:00\",\"dateModified\":\"2024-08-20T13:30:09+00:00\",\"breadcrumb\":{\"@id\":\"https:\/\/nenedemo.ovh\/TAEKWORPRESS\/?p=1654#breadcrumb\"},\"inLanguage\":\"fr-FR\",\"potentialAction\":[{\"@type\":\"ReadAction\",\"target\":[\"https:\/\/nenedemo.ovh\/TAEKWORPRESS\/?p=1654\"]}]},{\"@type\":\"ImageObject\",\"inLanguage\":\"fr-FR\",\"@id\":\"https:\/\/nenedemo.ovh\/TAEKWORPRESS\/?p=1654#primaryimage\",\"url\":\"https:\/\/static.xx.fbcdn.net\/images\/emoji.php\/v9\/tbe\/1\/16\/1f94a.png\",\"contentUrl\":\"https:\/\/static.xx.fbcdn.net\/images\/emoji.php\/v9\/tbe\/1\/16\/1f94a.png\"},{\"@type\":\"BreadcrumbList\",\"@id\":\"https:\/\/nenedemo.ovh\/TAEKWORPRESS\/?p=1654#breadcrumb\",\"itemListElement\":[{\"@type\":\"ListItem\",\"position\":1,\"name\":\"Accueil\",\"item\":\"https:\/\/nenedemo.ovh\/TAEKWORPRESS\/\"},{\"@type\":\"ListItem\",\"position\":2,\"name\":\"Body Taekwondo Presse 2023\"}]},{\"@type\":\"WebSite\",\"@id\":\"https:\/\/nenedemo.ovh\/TAEKWORPRESS\/#website\",\"url\":\"https:\/\/nenedemo.ovh\/TAEKWORPRESS\/\",\"name\":\"A.S.M. TAEKWONDO PAU\",\"description\":\"Association Sportive Municipale de Pau\",\"publisher\":{\"@id\":\"https:\/\/nenedemo.ovh\/TAEKWORPRESS\/#organization\"},\"potentialAction\":[{\"@type\":\"SearchAction\",\"target\":{\"@type\":\"EntryPoint\",\"urlTemplate\":\"https:\/\/nenedemo.ovh\/TAEKWORPRESS\/?s={search_term_string}\"},\"query-input\":\"required name=search_term_string\"}],\"inLanguage\":\"fr-FR\"},{\"@type\":\"Organization\",\"@id\":\"https:\/\/nenedemo.ovh\/TAEKWORPRESS\/#organization\",\"name\":\"Association Sportive Municipale de Pau\",\"url\":\"https:\/\/nenedemo.ovh\/TAEKWORPRESS\/\",\"logo\":{\"@type\":\"ImageObject\",\"inLanguage\":\"fr-FR\",\"@id\":\"https:\/\/nenedemo.ovh\/TAEKWORPRESS\/#\/schema\/logo\/image\/\",\"url\":\"https:\/\/nenedemo.ovh\/TAEKWORPRESS\/wp-content\/uploads\/2023\/08\/cropped-LOGO_FINAL_ASM-1.png\",\"contentUrl\":\"https:\/\/nenedemo.ovh\/TAEKWORPRESS\/wp-content\/uploads\/2023\/08\/cropped-LOGO_FINAL_ASM-1.png\",\"width\":250,\"height\":250,\"caption\":\"Association Sportive Municipale de Pau\"},\"image\":{\"@id\":\"https:\/\/nenedemo.ovh\/TAEKWORPRESS\/#\/schema\/logo\/image\/\"},\"sameAs\":[\"https:\/\/www.facebook.com\/groups\/210021564364\/\"]},{\"@type\":\"Person\",\"@id\":\"https:\/\/nenedemo.ovh\/TAEKWORPRESS\/#\/schema\/person\/f7d9fc6a830f7601e81cdc2f1e700b8c\",\"name\":\"Webmaster\",\"image\":{\"@type\":\"ImageObject\",\"inLanguage\":\"fr-FR\",\"@id\":\"https:\/\/nenedemo.ovh\/TAEKWORPRESS\/#\/schema\/person\/image\/\",\"url\":\"https:\/\/secure.gravatar.com\/avatar\/71e1a269f6018dbbc718c1eb7a6883d60da01cb91265b667eda661b7f77aa06b?s=96&d=mm&r=g\",\"contentUrl\":\"https:\/\/secure.gravatar.com\/avatar\/71e1a269f6018dbbc718c1eb7a6883d60da01cb91265b667eda661b7f77aa06b?s=96&d=mm&r=g\",\"caption\":\"Webmaster\"},\"url\":\"https:\/\/nenedemo.ovh\/TAEKWORPRESS\/?author=3\"}]}<\/script>\n<!-- \/ Yoast SEO plugin. -->","yoast_head_json":{"title":"Body Taekwondo Presse 2023 - ASM TAEKWONDO PAU","robots":{"index":"index","follow":"follow","max-snippet":"max-snippet:-1","max-image-preview":"max-image-preview:large","max-video-preview":"max-video-preview:-1"},"canonical":"https:\/\/nenedemo.ovh\/TAEKWORPRESS\/?p=1654","og_locale":"fr_FR","og_type":"article","og_title":"Body Taekwondo Presse 2023 - ASM TAEKWONDO PAU","og_description":"Excellent reportage sur ASM Body Taekwondo dans La R\u00e9publique des Pyr\u00e9n\u00e9es le 03\/09\/2023. Voici ci-dessous un extrait qui refl\u00e8te l&#8217;ambiance et les bienfaits de cette discipline passionnante et gratifiante !!! Si ce sport martial de fitness vous tente d&#8217;essayer, rejoignez-nous !","og_url":"https:\/\/nenedemo.ovh\/TAEKWORPRESS\/?p=1654","og_site_name":"ASM TAEKWONDO PAU","article_publisher":"https:\/\/www.facebook.com\/groups\/210021564364\/","article_published_time":"2023-10-14T11:37:51+00:00","article_modified_time":"2024-08-20T13:30:09+00:00","og_image":[{"url":"https:\/\/static.xx.fbcdn.net\/images\/emoji.php\/v9\/tbe\/1\/16\/1f94a.png"}],"author":"Webmaster","twitter_card":"summary_large_image","twitter_misc":{"\u00c9crit par":"Webmaster","Dur\u00e9e de lecture estim\u00e9e":"2 minutes"},"schema":{"@context":"https:\/\/schema.org","@graph":[{"@type":"Article","@id":"https:\/\/nenedemo.ovh\/TAEKWORPRESS\/?p=1654#article","isPartOf":{"@id":"https:\/\/nenedemo.ovh\/TAEKWORPRESS\/?p=1654"},"author":{"name":"Webmaster","@id":"https:\/\/nenedemo.ovh\/TAEKWORPRESS\/#\/schema\/person\/f7d9fc6a830f7601e81cdc2f1e700b8c"},"headline":"Body Taekwondo Presse 2023","datePublished":"2023-10-14T11:37:51+00:00","dateModified":"2024-08-20T13:30:09+00:00","mainEntityOfPage":{"@id":"https:\/\/nenedemo.ovh\/TAEKWORPRESS\/?p=1654"},"wordCount":45,"commentCount":0,"publisher":{"@id":"https:\/\/nenedemo.ovh\/TAEKWORPRESS\/#organization"},"image":{"@id":"https:\/\/nenedemo.ovh\/TAEKWORPRESS\/?p=1654#primaryimage"},"thumbnailUrl":"https:\/\/static.xx.fbcdn.net\/images\/emoji.php\/v9\/tbe\/1\/16\/1f94a.png","articleSection":["BODY TAEKWONDO"],"inLanguage":"fr-FR","potentialAction":[{"@type":"CommentAction","name":"Comment","target":["https:\/\/nenedemo.ovh\/TAEKWORPRESS\/?p=1654#respond"]}]},{"@type":"WebPage","@id":"https:\/\/nenedemo.ovh\/TAEKWORPRESS\/?p=1654","url":"https:\/\/nenedemo.ovh\/TAEKWORPRESS\/?p=1654","name":"Body Taekwondo Presse 2023 - ASM TAEKWONDO PAU","isPartOf":{"@id":"https:\/\/nenedemo.ovh\/TAEKWORPRESS\/#website"},"primaryImageOfPage":{"@id":"https:\/\/nenedemo.ovh\/TAEKWORPRESS\/?p=1654#primaryimage"},"image":{"@id":"https:\/\/nenedemo.ovh\/TAEKWORPRESS\/?p=1654#primaryimage"},"thumbnailUrl":"https:\/\/static.xx.fbcdn.net\/images\/emoji.php\/v9\/tbe\/1\/16\/1f94a.png","datePublished":"2023-10-14T11:37:51+00:00","dateModified":"2024-08-20T13:30:09+00:00","breadcrumb":{"@id":"https:\/\/nenedemo.ovh\/TAEKWORPRESS\/?p=1654#breadcrumb"},"inLanguage":"fr-FR","potentialAction":[{"@type":"ReadAction","target":["https:\/\/nenedemo.ovh\/TAEKWORPRESS\/?p=1654"]}]},{"@type":"ImageObject","inLanguage":"fr-FR","@id":"https:\/\/nenedemo.ovh\/TAEKWORPRESS\/?p=1654#primaryimage","url":"https:\/\/static.xx.fbcdn.net\/images\/emoji.php\/v9\/tbe\/1\/16\/1f94a.png","contentUrl":"https:\/\/static.xx.fbcdn.net\/images\/emoji.php\/v9\/tbe\/1\/16\/1f94a.png"},{"@type":"BreadcrumbList","@id":"https:\/\/nenedemo.ovh\/TAEKWORPRESS\/?p=1654#breadcrumb","itemListElement":[{"@type":"ListItem","position":1,"name":"Accueil","item":"https:\/\/nenedemo.ovh\/TAEKWORPRESS\/"},{"@type":"ListItem","position":2,"name":"Body Taekwondo Presse 2023"}]},{"@type":"WebSite","@id":"https:\/\/nenedemo.ovh\/TAEKWORPRESS\/#website","url":"https:\/\/nenedemo.ovh\/TAEKWORPRESS\/","name":"A.S.M. TAEKWONDO PAU","description":"Association Sportive Municipale de Pau","publisher":{"@id":"https:\/\/nenedemo.ovh\/TAEKWORPRESS\/#organization"},"potentialAction":[{"@type":"SearchAction","target":{"@type":"EntryPoint","urlTemplate":"https:\/\/nenedemo.ovh\/TAEKWORPRESS\/?s={search_term_string}"},"query-input":"required name=search_term_string"}],"inLanguage":"fr-FR"},{"@type":"Organization","@id":"https:\/\/nenedemo.ovh\/TAEKWORPRESS\/#organization","name":"Association Sportive Municipale de Pau","url":"https:\/\/nenedemo.ovh\/TAEKWORPRESS\/","logo":{"@type":"ImageObject","inLanguage":"fr-FR","@id":"https:\/\/nenedemo.ovh\/TAEKWORPRESS\/#\/schema\/logo\/image\/","url":"https:\/\/nenedemo.ovh\/TAEKWORPRESS\/wp-content\/uploads\/2023\/08\/cropped-LOGO_FINAL_ASM-1.png","contentUrl":"https:\/\/nenedemo.ovh\/TAEKWORPRESS\/wp-content\/uploads\/2023\/08\/cropped-LOGO_FINAL_ASM-1.png","width":250,"height":250,"caption":"Association Sportive Municipale de Pau"},"image":{"@id":"https:\/\/nenedemo.ovh\/TAEKWORPRESS\/#\/schema\/logo\/image\/"},"sameAs":["https:\/\/www.facebook.com\/groups\/210021564364\/"]},{"@type":"Person","@id":"https:\/\/nenedemo.ovh\/TAEKWORPRESS\/#\/schema\/person\/f7d9fc6a830f7601e81cdc2f1e700b8c","name":"Webmaster","image":{"@type":"ImageObject","inLanguage":"fr-FR","@id":"https:\/\/nenedemo.ovh\/TAEKWORPRESS\/#\/schema\/person\/image\/","url":"https:\/\/secure.gravatar.com\/avatar\/71e1a269f6018dbbc718c1eb7a6883d60da01cb91265b667eda661b7f77aa06b?s=96&d=mm&r=g","contentUrl":"https:\/\/secure.gravatar.com\/avatar\/71e1a269f6018dbbc718c1eb7a6883d60da01cb91265b667eda661b7f77aa06b?s=96&d=mm&r=g","caption":"Webmaster"},"url":"https:\/\/nenedemo.ovh\/TAEKWORPRESS\/?author=3"}]}},"_links":{"self":[{"href":"https:\/\/nenedemo.ovh\/TAEKWORPRESS\/index.php?rest_route=\/wp\/v2\/posts\/1654","targetHints":{"allow":["GET"]}}],"collection":[{"href":"https:\/\/nenedemo.ovh\/TAEKWORPRESS\/index.php?rest_route=\/wp\/v2\/posts"}],"about":[{"href":"https:\/\/nenedemo.ovh\/TAEKWORPRESS\/index.php?rest_route=\/wp\/v2\/types\/post"}],"author":[{"embeddable":true,"href":"https:\/\/nenedemo.ovh\/TAEKWORPRESS\/index.php?rest_route=\/wp\/v2\/users\/3"}],"replies":[{"embeddable":true,"href":"https:\/\/nenedemo.ovh\/TAEKWORPRESS\/index.php?rest_route=%2Fwp%2Fv2%2Fcomments&post=1654"}],"version-history":[{"count":7,"href":"https:\/\/nenedemo.ovh\/TAEKWORPRESS\/index.php?rest_route=\/wp\/v2\/posts\/1654\/revisions"}],"predecessor-version":[{"id":2043,"href":"https:\/\/nenedemo.ovh\/TAEKWORPRESS\/index.php?rest_route=\/wp\/v2\/posts\/1654\/revisions\/2043"}],"wp:attachment":[{"href":"https:\/\/nenedemo.ovh\/TAEKWORPRESS\/index.php?rest_route=%2Fwp%2Fv2%2Fmedia&parent=1654"}],"wp:term":[{"taxonomy":"category","embeddable":true,"href":"https:\/\/nenedemo.ovh\/TAEKWORPRESS\/index.php?rest_route=%2Fwp%2Fv2%2Fcategories&post=1654"},{"taxonomy":"post_tag","embeddable":true,"href":"https:\/\/nenedemo.ovh\/TAEKWORPRESS\/index.php?rest_route=%2Fwp%2Fv2%2Ftags&post=1654"}],"curies":[{"name":"wp","href":"https:\/\/api.w.org\/{rel}","templated":true}]}}